{"id":130,"date":"2026-02-09T13:37:29","date_gmt":"2026-02-09T13:37:29","guid":{"rendered":"https:\/\/gneist.org\/innenm2026\/?p=130"},"modified":"2026-02-13T11:37:41","modified_gmt":"2026-02-13T11:37:41","slug":"tentativt-tidsskjema","status":"publish","type":"post","link":"https:\/\/gneist.org\/innenm2026\/tentativt-tidsskjema\/","title":{"rendered":"Tentativt tidsskjema"},"content":{"rendered":"\n<figure class=\"wp-block-image size-large\"><img decoding=\"async\" width=\"1024\" height=\"683\" loading=\"lazy\" src=\"https:\/\/gneist.org\/innenm2026\/wp-content\/uploads\/2026\/02\/1U9A7928-1024x683.jpg\" alt=\"\" class=\"wp-image-131\" srcset=\"https:\/\/gneist.org\/innenm2026\/wp-content\/uploads\/2026\/02\/1U9A7928-1024x683.jpg 1024w, https:\/\/gneist.org\/innenm2026\/wp-content\/uploads\/2026\/02\/1U9A7928-300x200.jpg 300w, https:\/\/gneist.org\/innenm2026\/wp-content\/uploads\/2026\/02\/1U9A7928-768x512.jpg 768w, https:\/\/gneist.org\/innenm2026\/wp-content\/uploads\/2026\/02\/1U9A7928-1536x1024.jpg 1536w, https:\/\/gneist.org\/innenm2026\/wp-content\/uploads\/2026\/02\/1U9A7928-2048x1365.jpg 2048w\" sizes=\"auto, (max-width: 1024px) 100vw, 1024px\" \/><\/figure>\n\n\n\n<p class=\"\">Med under 3 uker til inne-NM i v\u00e5r nye Gneist Arena begynner de fleste bitene \u00e5 falle p\u00e5 plass. Vi holder oss til NFIF sitt oppsett og forventer at \u00f8velsene blir arrangert innenfor f\u00f8lgende rammer:<br><br><strong>Fredag 27. februar 17:00 &#8211; 20:30<br>L\u00f8rdag 28. februar 11:00 &#8211; 18:00 <br>S\u00f8ndag 1. mars 10:00 &#8211; 15:00<\/strong><br><br>G\u00e5 til arkfanen <strong><a href=\"https:\/\/gneist.org\/innenm2026\/tentativt-tidsskema\/\">Deltager\/Tentativt tidsskjema<\/a><\/strong> (eller klikk p\u00e5 link) for mer informasjon.<br><br>Det vil bli busstransport fra hotellet til arena f\u00f8r f\u00f8rste \u00f8velsesstart hver dag og etter siste \u00f8velse er avsluttet fredag og l\u00f8rdag. Videre blir det busstransport etter siste \u00f8velse s\u00f8ndag til Bergen lufthavn Flesland. Ellers er det gode rutebuss-forbindelser mellom hotell og arena. Bybanen g\u00e5r fra Lagunen stasjon til flyplassen for dem som ikke reiser med buss etter siste \u00f8velse.<\/p>\n","protected":false},"excerpt":{"rendered":"<p>Med under 3 uker til inne-NM i v\u00e5r nye Gneist Arena begynner de fleste bitene \u00e5 falle p\u00e5 plass. Vi holder oss til NFIF sitt oppsett og forventer at \u00f8velsene blir arrangert innenfor f\u00f8lgende rammer:Fredag 27. februar 17:00 &#8211; 20:30L\u00f8rdag 28. februar 11:00 &#8211; 18:00 S\u00f8ndag 1. mars 10:00 &#8211; 15:00G\u00e5 til arkfanen Deltager\/Tentativt tidsskjema&#8230;<\/p>\n<div class=\"read-more\"><a href=\"https:\/\/gneist.org\/innenm2026\/tentativt-tidsskjema\/\">Read More<\/a><\/div>\n","protected":false},"author":1,"featured_media":0,"comment_status":"closed","ping_status":"closed","sticky":false,"template":"","format":"standard","meta":{"nf_dc_page":"","om_disable_all_campaigns":false,"_monsterinsights_skip_tracking":false,"_monsterinsights_sitenote_active":false,"_monsterinsights_sitenote_note":"","_monsterinsights_sitenote_category":0,"footnotes":""},"categories":[7],"tags":[],"class_list":["post-130","post","type-post","status-publish","format-standard","hentry","category-nyheter"],"yoast_head":"<!-- This site is optimized with the Yoast SEO plugin v27.5 - https:\/\/yoast.com\/product\/yoast-seo-wordpress\/ -->\n<title>Tentativt tidsskjema - https:\/\/gneist.org\/innenm2026<\/title>\n<meta name=\"robots\" content=\"index, follow, max-snippet:-1, max-image-preview:large, max-video-preview:-1\" \/>\n<link rel=\"canonical\" href=\"https:\/\/gneist.org\/innenm2026\/tentativt-tidsskjema\/\" \/>\n<meta property=\"og:locale\" content=\"nb_NO\" \/>\n<meta property=\"og:type\" content=\"article\" \/>\n<meta property=\"og:title\" content=\"Tentativt tidsskjema - https:\/\/gneist.org\/innenm2026\" \/>\n<meta property=\"og:description\" content=\"Med under 3 uker til inne-NM i v\u00e5r nye Gneist Arena begynner de fleste bitene \u00e5 falle p\u00e5 plass. Vi holder oss til NFIF sitt oppsett og forventer at \u00f8velsene blir arrangert innenfor f\u00f8lgende rammer:Fredag 27. februar 17:00 &#8211; 20:30L\u00f8rdag 28. februar 11:00 &#8211; 18:00 S\u00f8ndag 1. mars 10:00 &#8211; 15:00G\u00e5 til arkfanen Deltager\/Tentativt tidsskjema...Read More\" \/>\n<meta property=\"og:url\" content=\"https:\/\/gneist.org\/innenm2026\/tentativt-tidsskjema\/\" \/>\n<meta property=\"og:site_name\" content=\"https:\/\/gneist.org\/innenm2026\" \/>\n<meta property=\"article:published_time\" content=\"2026-02-09T13:37:29+00:00\" \/>\n<meta property=\"article:modified_time\" content=\"2026-02-13T11:37:41+00:00\" \/>\n<meta property=\"og:image\" content=\"https:\/\/gneist.org\/innenm2026\/wp-content\/uploads\/2026\/02\/1U9A7928.jpg\" \/>\n\t<meta property=\"og:image:width\" content=\"2400\" \/>\n\t<meta property=\"og:image:height\" content=\"1600\" \/>\n\t<meta property=\"og:image:type\" content=\"image\/jpeg\" \/>\n<meta name=\"author\" content=\"FRIIDRETTSKOORDINATOR\" \/>\n<meta name=\"twitter:card\" content=\"summary_large_image\" \/>\n<meta name=\"twitter:label1\" content=\"Skrevet av\" \/>\n\t<meta name=\"twitter:data1\" content=\"FRIIDRETTSKOORDINATOR\" \/>\n\t<meta name=\"twitter:label2\" content=\"Ansl. lesetid\" \/>\n\t<meta name=\"twitter:data2\" content=\"1 minutt\" \/>\n<script type=\"application\/ld+json\" class=\"yoast-schema-graph\">{\"@context\":\"https:\\\/\\\/schema.org\",\"@graph\":[{\"@type\":\"Article\",\"@id\":\"https:\\\/\\\/gneist.org\\\/innenm2026\\\/tentativt-tidsskjema\\\/#article\",\"isPartOf\":{\"@id\":\"https:\\\/\\\/gneist.org\\\/innenm2026\\\/tentativt-tidsskjema\\\/\"},\"author\":{\"name\":\"FRIIDRETTSKOORDINATOR\",\"@id\":\"https:\\\/\\\/gneist.org\\\/innenm2026\\\/#\\\/schema\\\/person\\\/0bdf64e658fbb5d50cf902224d84748f\"},\"headline\":\"Tentativt tidsskjema\",\"datePublished\":\"2026-02-09T13:37:29+00:00\",\"dateModified\":\"2026-02-13T11:37:41+00:00\",\"mainEntityOfPage\":{\"@id\":\"https:\\\/\\\/gneist.org\\\/innenm2026\\\/tentativt-tidsskjema\\\/\"},\"wordCount\":126,\"image\":{\"@id\":\"https:\\\/\\\/gneist.org\\\/innenm2026\\\/tentativt-tidsskjema\\\/#primaryimage\"},\"thumbnailUrl\":\"https:\\\/\\\/gneist.org\\\/innenm2026\\\/wp-content\\\/uploads\\\/2026\\\/02\\\/1U9A7928-1024x683.jpg\",\"articleSection\":[\"Nyheter\"],\"inLanguage\":\"nb-NO\"},{\"@type\":\"WebPage\",\"@id\":\"https:\\\/\\\/gneist.org\\\/innenm2026\\\/tentativt-tidsskjema\\\/\",\"url\":\"https:\\\/\\\/gneist.org\\\/innenm2026\\\/tentativt-tidsskjema\\\/\",\"name\":\"Tentativt tidsskjema - https:\\\/\\\/gneist.org\\\/innenm2026\",\"isPartOf\":{\"@id\":\"https:\\\/\\\/gneist.org\\\/innenm2026\\\/#website\"},\"primaryImageOfPage\":{\"@id\":\"https:\\\/\\\/gneist.org\\\/innenm2026\\\/tentativt-tidsskjema\\\/#primaryimage\"},\"image\":{\"@id\":\"https:\\\/\\\/gneist.org\\\/innenm2026\\\/tentativt-tidsskjema\\\/#primaryimage\"},\"thumbnailUrl\":\"https:\\\/\\\/gneist.org\\\/innenm2026\\\/wp-content\\\/uploads\\\/2026\\\/02\\\/1U9A7928-1024x683.jpg\",\"datePublished\":\"2026-02-09T13:37:29+00:00\",\"dateModified\":\"2026-02-13T11:37:41+00:00\",\"author\":{\"@id\":\"https:\\\/\\\/gneist.org\\\/innenm2026\\\/#\\\/schema\\\/person\\\/0bdf64e658fbb5d50cf902224d84748f\"},\"breadcrumb\":{\"@id\":\"https:\\\/\\\/gneist.org\\\/innenm2026\\\/tentativt-tidsskjema\\\/#breadcrumb\"},\"inLanguage\":\"nb-NO\",\"potentialAction\":[{\"@type\":\"ReadAction\",\"target\":[\"https:\\\/\\\/gneist.org\\\/innenm2026\\\/tentativt-tidsskjema\\\/\"]}]},{\"@type\":\"ImageObject\",\"inLanguage\":\"nb-NO\",\"@id\":\"https:\\\/\\\/gneist.org\\\/innenm2026\\\/tentativt-tidsskjema\\\/#primaryimage\",\"url\":\"https:\\\/\\\/gneist.org\\\/innenm2026\\\/wp-content\\\/uploads\\\/2026\\\/02\\\/1U9A7928.jpg\",\"contentUrl\":\"https:\\\/\\\/gneist.org\\\/innenm2026\\\/wp-content\\\/uploads\\\/2026\\\/02\\\/1U9A7928.jpg\",\"width\":2400,\"height\":1600},{\"@type\":\"BreadcrumbList\",\"@id\":\"https:\\\/\\\/gneist.org\\\/innenm2026\\\/tentativt-tidsskjema\\\/#breadcrumb\",\"itemListElement\":[{\"@type\":\"ListItem\",\"position\":1,\"name\":\"Home\",\"item\":\"https:\\\/\\\/gneist.org\\\/innenm2026\\\/\"},{\"@type\":\"ListItem\",\"position\":2,\"name\":\"Tentativt tidsskjema\"}]},{\"@type\":\"WebSite\",\"@id\":\"https:\\\/\\\/gneist.org\\\/innenm2026\\\/#website\",\"url\":\"https:\\\/\\\/gneist.org\\\/innenm2026\\\/\",\"name\":\"https:\\\/\\\/gneist.org\\\/innenm2026\",\"description\":\"\",\"potentialAction\":[{\"@type\":\"SearchAction\",\"target\":{\"@type\":\"EntryPoint\",\"urlTemplate\":\"https:\\\/\\\/gneist.org\\\/innenm2026\\\/?s={search_term_string}\"},\"query-input\":{\"@type\":\"PropertyValueSpecification\",\"valueRequired\":true,\"valueName\":\"search_term_string\"}}],\"inLanguage\":\"nb-NO\"},{\"@type\":\"Person\",\"@id\":\"https:\\\/\\\/gneist.org\\\/innenm2026\\\/#\\\/schema\\\/person\\\/0bdf64e658fbb5d50cf902224d84748f\",\"name\":\"FRIIDRETTSKOORDINATOR\",\"image\":{\"@type\":\"ImageObject\",\"inLanguage\":\"nb-NO\",\"@id\":\"https:\\\/\\\/secure.gravatar.com\\\/avatar\\\/f987b22951eb87555380896174970f8a287be662413103c4b13aec968fee905b?s=96&d=mm&r=g\",\"url\":\"https:\\\/\\\/secure.gravatar.com\\\/avatar\\\/f987b22951eb87555380896174970f8a287be662413103c4b13aec968fee905b?s=96&d=mm&r=g\",\"contentUrl\":\"https:\\\/\\\/secure.gravatar.com\\\/avatar\\\/f987b22951eb87555380896174970f8a287be662413103c4b13aec968fee905b?s=96&d=mm&r=g\",\"caption\":\"FRIIDRETTSKOORDINATOR\"},\"url\":\"https:\\\/\\\/gneist.org\\\/innenm2026\\\/author\\\/friidrettskoordinator\\\/\"}]}<\/script>\n<!-- \/ Yoast SEO plugin. -->","yoast_head_json":{"title":"Tentativt tidsskjema - https:\/\/gneist.org\/innenm2026","robots":{"index":"index","follow":"follow","max-snippet":"max-snippet:-1","max-image-preview":"max-image-preview:large","max-video-preview":"max-video-preview:-1"},"canonical":"https:\/\/gneist.org\/innenm2026\/tentativt-tidsskjema\/","og_locale":"nb_NO","og_type":"article","og_title":"Tentativt tidsskjema - https:\/\/gneist.org\/innenm2026","og_description":"Med under 3 uker til inne-NM i v\u00e5r nye Gneist Arena begynner de fleste bitene \u00e5 falle p\u00e5 plass. Vi holder oss til NFIF sitt oppsett og forventer at \u00f8velsene blir arrangert innenfor f\u00f8lgende rammer:Fredag 27. februar 17:00 &#8211; 20:30L\u00f8rdag 28. februar 11:00 &#8211; 18:00 S\u00f8ndag 1. mars 10:00 &#8211; 15:00G\u00e5 til arkfanen Deltager\/Tentativt tidsskjema...Read More","og_url":"https:\/\/gneist.org\/innenm2026\/tentativt-tidsskjema\/","og_site_name":"https:\/\/gneist.org\/innenm2026","article_published_time":"2026-02-09T13:37:29+00:00","article_modified_time":"2026-02-13T11:37:41+00:00","og_image":[{"width":2400,"height":1600,"url":"https:\/\/gneist.org\/innenm2026\/wp-content\/uploads\/2026\/02\/1U9A7928.jpg","type":"image\/jpeg"}],"author":"FRIIDRETTSKOORDINATOR","twitter_card":"summary_large_image","twitter_misc":{"Skrevet av":"FRIIDRETTSKOORDINATOR","Ansl. lesetid":"1 minutt"},"schema":{"@context":"https:\/\/schema.org","@graph":[{"@type":"Article","@id":"https:\/\/gneist.org\/innenm2026\/tentativt-tidsskjema\/#article","isPartOf":{"@id":"https:\/\/gneist.org\/innenm2026\/tentativt-tidsskjema\/"},"author":{"name":"FRIIDRETTSKOORDINATOR","@id":"https:\/\/gneist.org\/innenm2026\/#\/schema\/person\/0bdf64e658fbb5d50cf902224d84748f"},"headline":"Tentativt tidsskjema","datePublished":"2026-02-09T13:37:29+00:00","dateModified":"2026-02-13T11:37:41+00:00","mainEntityOfPage":{"@id":"https:\/\/gneist.org\/innenm2026\/tentativt-tidsskjema\/"},"wordCount":126,"image":{"@id":"https:\/\/gneist.org\/innenm2026\/tentativt-tidsskjema\/#primaryimage"},"thumbnailUrl":"https:\/\/gneist.org\/innenm2026\/wp-content\/uploads\/2026\/02\/1U9A7928-1024x683.jpg","articleSection":["Nyheter"],"inLanguage":"nb-NO"},{"@type":"WebPage","@id":"https:\/\/gneist.org\/innenm2026\/tentativt-tidsskjema\/","url":"https:\/\/gneist.org\/innenm2026\/tentativt-tidsskjema\/","name":"Tentativt tidsskjema - https:\/\/gneist.org\/innenm2026","isPartOf":{"@id":"https:\/\/gneist.org\/innenm2026\/#website"},"primaryImageOfPage":{"@id":"https:\/\/gneist.org\/innenm2026\/tentativt-tidsskjema\/#primaryimage"},"image":{"@id":"https:\/\/gneist.org\/innenm2026\/tentativt-tidsskjema\/#primaryimage"},"thumbnailUrl":"https:\/\/gneist.org\/innenm2026\/wp-content\/uploads\/2026\/02\/1U9A7928-1024x683.jpg","datePublished":"2026-02-09T13:37:29+00:00","dateModified":"2026-02-13T11:37:41+00:00","author":{"@id":"https:\/\/gneist.org\/innenm2026\/#\/schema\/person\/0bdf64e658fbb5d50cf902224d84748f"},"breadcrumb":{"@id":"https:\/\/gneist.org\/innenm2026\/tentativt-tidsskjema\/#breadcrumb"},"inLanguage":"nb-NO","potentialAction":[{"@type":"ReadAction","target":["https:\/\/gneist.org\/innenm2026\/tentativt-tidsskjema\/"]}]},{"@type":"ImageObject","inLanguage":"nb-NO","@id":"https:\/\/gneist.org\/innenm2026\/tentativt-tidsskjema\/#primaryimage","url":"https:\/\/gneist.org\/innenm2026\/wp-content\/uploads\/2026\/02\/1U9A7928.jpg","contentUrl":"https:\/\/gneist.org\/innenm2026\/wp-content\/uploads\/2026\/02\/1U9A7928.jpg","width":2400,"height":1600},{"@type":"BreadcrumbList","@id":"https:\/\/gneist.org\/innenm2026\/tentativt-tidsskjema\/#breadcrumb","itemListElement":[{"@type":"ListItem","position":1,"name":"Home","item":"https:\/\/gneist.org\/innenm2026\/"},{"@type":"ListItem","position":2,"name":"Tentativt tidsskjema"}]},{"@type":"WebSite","@id":"https:\/\/gneist.org\/innenm2026\/#website","url":"https:\/\/gneist.org\/innenm2026\/","name":"https:\/\/gneist.org\/innenm2026","description":"","potentialAction":[{"@type":"SearchAction","target":{"@type":"EntryPoint","urlTemplate":"https:\/\/gneist.org\/innenm2026\/?s={search_term_string}"},"query-input":{"@type":"PropertyValueSpecification","valueRequired":true,"valueName":"search_term_string"}}],"inLanguage":"nb-NO"},{"@type":"Person","@id":"https:\/\/gneist.org\/innenm2026\/#\/schema\/person\/0bdf64e658fbb5d50cf902224d84748f","name":"FRIIDRETTSKOORDINATOR","image":{"@type":"ImageObject","inLanguage":"nb-NO","@id":"https:\/\/secure.gravatar.com\/avatar\/f987b22951eb87555380896174970f8a287be662413103c4b13aec968fee905b?s=96&d=mm&r=g","url":"https:\/\/secure.gravatar.com\/avatar\/f987b22951eb87555380896174970f8a287be662413103c4b13aec968fee905b?s=96&d=mm&r=g","contentUrl":"https:\/\/secure.gravatar.com\/avatar\/f987b22951eb87555380896174970f8a287be662413103c4b13aec968fee905b?s=96&d=mm&r=g","caption":"FRIIDRETTSKOORDINATOR"},"url":"https:\/\/gneist.org\/innenm2026\/author\/friidrettskoordinator\/"}]}},"jetpack_featured_media_url":"","_links":{"self":[{"href":"https:\/\/gneist.org\/innenm2026\/wp-json\/wp\/v2\/posts\/130","targetHints":{"allow":["GET"]}}],"collection":[{"href":"https:\/\/gneist.org\/innenm2026\/wp-json\/wp\/v2\/posts"}],"about":[{"href":"https:\/\/gneist.org\/innenm2026\/wp-json\/wp\/v2\/types\/post"}],"author":[{"embeddable":true,"href":"https:\/\/gneist.org\/innenm2026\/wp-json\/wp\/v2\/users\/1"}],"replies":[{"embeddable":true,"href":"https:\/\/gneist.org\/innenm2026\/wp-json\/wp\/v2\/comments?post=130"}],"version-history":[{"count":2,"href":"https:\/\/gneist.org\/innenm2026\/wp-json\/wp\/v2\/posts\/130\/revisions"}],"predecessor-version":[{"id":147,"href":"https:\/\/gneist.org\/innenm2026\/wp-json\/wp\/v2\/posts\/130\/revisions\/147"}],"wp:attachment":[{"href":"https:\/\/gneist.org\/innenm2026\/wp-json\/wp\/v2\/media?parent=130"}],"wp:term":[{"taxonomy":"category","embeddable":true,"href":"https:\/\/gneist.org\/innenm2026\/wp-json\/wp\/v2\/categories?post=130"},{"taxonomy":"post_tag","embeddable":true,"href":"https:\/\/gneist.org\/innenm2026\/wp-json\/wp\/v2\/tags?post=130"}],"curies":[{"name":"wp","href":"https:\/\/api.w.org\/{rel}","templated":true}]}}