{"id":174,"date":"2026-02-18T08:04:54","date_gmt":"2026-02-18T08:04:54","guid":{"rendered":"https:\/\/gneist.org\/innenm2026\/?p=174"},"modified":"2026-02-18T08:06:37","modified_gmt":"2026-02-18T08:06:37","slug":"403-pameldte-til-nm","status":"publish","type":"post","link":"https:\/\/gneist.org\/innenm2026\/403-pameldte-til-nm\/","title":{"rendered":"403 p\u00e5meldte til NM"},"content":{"rendered":"\n<figure class=\"wp-block-image size-large\"><img decoding=\"async\" width=\"1024\" height=\"683\" loading=\"lazy\" src=\"https:\/\/gneist.org\/innenm2026\/wp-content\/uploads\/2026\/02\/1U9A8443-1024x683.jpg\" alt=\"\" class=\"wp-image-176\" srcset=\"https:\/\/gneist.org\/innenm2026\/wp-content\/uploads\/2026\/02\/1U9A8443-1024x683.jpg 1024w, https:\/\/gneist.org\/innenm2026\/wp-content\/uploads\/2026\/02\/1U9A8443-300x200.jpg 300w, https:\/\/gneist.org\/innenm2026\/wp-content\/uploads\/2026\/02\/1U9A8443-768x512.jpg 768w, https:\/\/gneist.org\/innenm2026\/wp-content\/uploads\/2026\/02\/1U9A8443-1536x1024.jpg 1536w, https:\/\/gneist.org\/innenm2026\/wp-content\/uploads\/2026\/02\/1U9A8443-2048x1365.jpg 2048w\" sizes=\"auto, (max-width: 1024px) 100vw, 1024px\" \/><\/figure>\n\n\n\n<p class=\"\">Ved fristens utl\u00f8p har vi 403 deltagere som skal gj\u00f8re 688 starter. I tillegg er 18 stafettlag p\u00e5meldt, her er fortsatt p\u00e5melding \u00e5pen.<br><br>Det er flest p\u00e5meldte p\u00e5 60 meter (136) tett fulgt av 200 meter (113). Det blir ogs\u00e5 fyldige felt p\u00e5 bl.a. 3000 meter med 42 p\u00e5meldte herrel\u00f8pere.<br><br>Vi er allerede i gang med \u00e5 sette opp endelig tidsskjema som vi h\u00e5per skal v\u00e6re klart i l\u00f8pet av uken.<\/p>\n","protected":false},"excerpt":{"rendered":"<p>Ved fristens utl\u00f8p har vi 403 deltagere som skal gj\u00f8re 688 starter. I tillegg er 18 stafettlag p\u00e5meldt, her er fortsatt p\u00e5melding \u00e5pen.Det er flest p\u00e5meldte p\u00e5 60 meter (136) tett fulgt av 200 meter (113). Det blir ogs\u00e5 fyldige felt p\u00e5 bl.a. 3000 meter med 42 p\u00e5meldte herrel\u00f8pere.Vi er allerede i gang med \u00e5&#8230;<\/p>\n<div class=\"read-more\"><a href=\"https:\/\/gneist.org\/innenm2026\/403-pameldte-til-nm\/\">Read More<\/a><\/div>\n","protected":false},"author":1,"featured_media":0,"comment_status":"closed","ping_status":"closed","sticky":false,"template":"","format":"standard","meta":{"nf_dc_page":"","om_disable_all_campaigns":false,"_monsterinsights_skip_tracking":false,"_monsterinsights_sitenote_active":false,"_monsterinsights_sitenote_note":"","_monsterinsights_sitenote_category":0,"footnotes":""},"categories":[7],"tags":[],"class_list":["post-174","post","type-post","status-publish","format-standard","hentry","category-nyheter"],"yoast_head":"<!-- This site is optimized with the Yoast SEO plugin v27.5 - https:\/\/yoast.com\/product\/yoast-seo-wordpress\/ -->\n<title>403 p\u00e5meldte til NM - https:\/\/gneist.org\/innenm2026<\/title>\n<meta name=\"robots\" content=\"index, follow, max-snippet:-1, max-image-preview:large, max-video-preview:-1\" \/>\n<link rel=\"canonical\" href=\"https:\/\/gneist.org\/innenm2026\/403-pameldte-til-nm\/\" \/>\n<meta property=\"og:locale\" content=\"nb_NO\" \/>\n<meta property=\"og:type\" content=\"article\" \/>\n<meta property=\"og:title\" content=\"403 p\u00e5meldte til NM - https:\/\/gneist.org\/innenm2026\" \/>\n<meta property=\"og:description\" content=\"Ved fristens utl\u00f8p har vi 403 deltagere som skal gj\u00f8re 688 starter. I tillegg er 18 stafettlag p\u00e5meldt, her er fortsatt p\u00e5melding \u00e5pen.Det er flest p\u00e5meldte p\u00e5 60 meter (136) tett fulgt av 200 meter (113). Det blir ogs\u00e5 fyldige felt p\u00e5 bl.a. 3000 meter med 42 p\u00e5meldte herrel\u00f8pere.Vi er allerede i gang med \u00e5...Read More\" \/>\n<meta property=\"og:url\" content=\"https:\/\/gneist.org\/innenm2026\/403-pameldte-til-nm\/\" \/>\n<meta property=\"og:site_name\" content=\"https:\/\/gneist.org\/innenm2026\" \/>\n<meta property=\"article:published_time\" content=\"2026-02-18T08:04:54+00:00\" \/>\n<meta property=\"article:modified_time\" content=\"2026-02-18T08:06:37+00:00\" \/>\n<meta property=\"og:image\" content=\"https:\/\/gneist.org\/innenm2026\/wp-content\/uploads\/2026\/02\/1U9A8443.jpg\" \/>\n\t<meta property=\"og:image:width\" content=\"2400\" \/>\n\t<meta property=\"og:image:height\" content=\"1600\" \/>\n\t<meta property=\"og:image:type\" content=\"image\/jpeg\" \/>\n<meta name=\"author\" content=\"FRIIDRETTSKOORDINATOR\" \/>\n<meta name=\"twitter:card\" content=\"summary_large_image\" \/>\n<meta name=\"twitter:label1\" content=\"Skrevet av\" \/>\n\t<meta name=\"twitter:data1\" content=\"FRIIDRETTSKOORDINATOR\" \/>\n\t<meta name=\"twitter:label2\" content=\"Ansl. lesetid\" \/>\n\t<meta name=\"twitter:data2\" content=\"1 minutt\" \/>\n<script type=\"application\/ld+json\" class=\"yoast-schema-graph\">{\"@context\":\"https:\\\/\\\/schema.org\",\"@graph\":[{\"@type\":\"Article\",\"@id\":\"https:\\\/\\\/gneist.org\\\/innenm2026\\\/403-pameldte-til-nm\\\/#article\",\"isPartOf\":{\"@id\":\"https:\\\/\\\/gneist.org\\\/innenm2026\\\/403-pameldte-til-nm\\\/\"},\"author\":{\"name\":\"FRIIDRETTSKOORDINATOR\",\"@id\":\"https:\\\/\\\/gneist.org\\\/innenm2026\\\/#\\\/schema\\\/person\\\/0bdf64e658fbb5d50cf902224d84748f\"},\"headline\":\"403 p\u00e5meldte til NM\",\"datePublished\":\"2026-02-18T08:04:54+00:00\",\"dateModified\":\"2026-02-18T08:06:37+00:00\",\"mainEntityOfPage\":{\"@id\":\"https:\\\/\\\/gneist.org\\\/innenm2026\\\/403-pameldte-til-nm\\\/\"},\"wordCount\":76,\"image\":{\"@id\":\"https:\\\/\\\/gneist.org\\\/innenm2026\\\/403-pameldte-til-nm\\\/#primaryimage\"},\"thumbnailUrl\":\"https:\\\/\\\/gneist.org\\\/innenm2026\\\/wp-content\\\/uploads\\\/2026\\\/02\\\/1U9A8443-1024x683.jpg\",\"articleSection\":[\"Nyheter\"],\"inLanguage\":\"nb-NO\"},{\"@type\":\"WebPage\",\"@id\":\"https:\\\/\\\/gneist.org\\\/innenm2026\\\/403-pameldte-til-nm\\\/\",\"url\":\"https:\\\/\\\/gneist.org\\\/innenm2026\\\/403-pameldte-til-nm\\\/\",\"name\":\"403 p\u00e5meldte til NM - https:\\\/\\\/gneist.org\\\/innenm2026\",\"isPartOf\":{\"@id\":\"https:\\\/\\\/gneist.org\\\/innenm2026\\\/#website\"},\"primaryImageOfPage\":{\"@id\":\"https:\\\/\\\/gneist.org\\\/innenm2026\\\/403-pameldte-til-nm\\\/#primaryimage\"},\"image\":{\"@id\":\"https:\\\/\\\/gneist.org\\\/innenm2026\\\/403-pameldte-til-nm\\\/#primaryimage\"},\"thumbnailUrl\":\"https:\\\/\\\/gneist.org\\\/innenm2026\\\/wp-content\\\/uploads\\\/2026\\\/02\\\/1U9A8443-1024x683.jpg\",\"datePublished\":\"2026-02-18T08:04:54+00:00\",\"dateModified\":\"2026-02-18T08:06:37+00:00\",\"author\":{\"@id\":\"https:\\\/\\\/gneist.org\\\/innenm2026\\\/#\\\/schema\\\/person\\\/0bdf64e658fbb5d50cf902224d84748f\"},\"breadcrumb\":{\"@id\":\"https:\\\/\\\/gneist.org\\\/innenm2026\\\/403-pameldte-til-nm\\\/#breadcrumb\"},\"inLanguage\":\"nb-NO\",\"potentialAction\":[{\"@type\":\"ReadAction\",\"target\":[\"https:\\\/\\\/gneist.org\\\/innenm2026\\\/403-pameldte-til-nm\\\/\"]}]},{\"@type\":\"ImageObject\",\"inLanguage\":\"nb-NO\",\"@id\":\"https:\\\/\\\/gneist.org\\\/innenm2026\\\/403-pameldte-til-nm\\\/#primaryimage\",\"url\":\"https:\\\/\\\/gneist.org\\\/innenm2026\\\/wp-content\\\/uploads\\\/2026\\\/02\\\/1U9A8443.jpg\",\"contentUrl\":\"https:\\\/\\\/gneist.org\\\/innenm2026\\\/wp-content\\\/uploads\\\/2026\\\/02\\\/1U9A8443.jpg\",\"width\":2400,\"height\":1600},{\"@type\":\"BreadcrumbList\",\"@id\":\"https:\\\/\\\/gneist.org\\\/innenm2026\\\/403-pameldte-til-nm\\\/#breadcrumb\",\"itemListElement\":[{\"@type\":\"ListItem\",\"position\":1,\"name\":\"Home\",\"item\":\"https:\\\/\\\/gneist.org\\\/innenm2026\\\/\"},{\"@type\":\"ListItem\",\"position\":2,\"name\":\"403 p\u00e5meldte til NM\"}]},{\"@type\":\"WebSite\",\"@id\":\"https:\\\/\\\/gneist.org\\\/innenm2026\\\/#website\",\"url\":\"https:\\\/\\\/gneist.org\\\/innenm2026\\\/\",\"name\":\"https:\\\/\\\/gneist.org\\\/innenm2026\",\"description\":\"\",\"potentialAction\":[{\"@type\":\"SearchAction\",\"target\":{\"@type\":\"EntryPoint\",\"urlTemplate\":\"https:\\\/\\\/gneist.org\\\/innenm2026\\\/?s={search_term_string}\"},\"query-input\":{\"@type\":\"PropertyValueSpecification\",\"valueRequired\":true,\"valueName\":\"search_term_string\"}}],\"inLanguage\":\"nb-NO\"},{\"@type\":\"Person\",\"@id\":\"https:\\\/\\\/gneist.org\\\/innenm2026\\\/#\\\/schema\\\/person\\\/0bdf64e658fbb5d50cf902224d84748f\",\"name\":\"FRIIDRETTSKOORDINATOR\",\"image\":{\"@type\":\"ImageObject\",\"inLanguage\":\"nb-NO\",\"@id\":\"https:\\\/\\\/secure.gravatar.com\\\/avatar\\\/f987b22951eb87555380896174970f8a287be662413103c4b13aec968fee905b?s=96&d=mm&r=g\",\"url\":\"https:\\\/\\\/secure.gravatar.com\\\/avatar\\\/f987b22951eb87555380896174970f8a287be662413103c4b13aec968fee905b?s=96&d=mm&r=g\",\"contentUrl\":\"https:\\\/\\\/secure.gravatar.com\\\/avatar\\\/f987b22951eb87555380896174970f8a287be662413103c4b13aec968fee905b?s=96&d=mm&r=g\",\"caption\":\"FRIIDRETTSKOORDINATOR\"},\"url\":\"https:\\\/\\\/gneist.org\\\/innenm2026\\\/author\\\/friidrettskoordinator\\\/\"}]}<\/script>\n<!-- \/ Yoast SEO plugin. -->","yoast_head_json":{"title":"403 p\u00e5meldte til NM - https:\/\/gneist.org\/innenm2026","robots":{"index":"index","follow":"follow","max-snippet":"max-snippet:-1","max-image-preview":"max-image-preview:large","max-video-preview":"max-video-preview:-1"},"canonical":"https:\/\/gneist.org\/innenm2026\/403-pameldte-til-nm\/","og_locale":"nb_NO","og_type":"article","og_title":"403 p\u00e5meldte til NM - https:\/\/gneist.org\/innenm2026","og_description":"Ved fristens utl\u00f8p har vi 403 deltagere som skal gj\u00f8re 688 starter. I tillegg er 18 stafettlag p\u00e5meldt, her er fortsatt p\u00e5melding \u00e5pen.Det er flest p\u00e5meldte p\u00e5 60 meter (136) tett fulgt av 200 meter (113). Det blir ogs\u00e5 fyldige felt p\u00e5 bl.a. 3000 meter med 42 p\u00e5meldte herrel\u00f8pere.Vi er allerede i gang med \u00e5...Read More","og_url":"https:\/\/gneist.org\/innenm2026\/403-pameldte-til-nm\/","og_site_name":"https:\/\/gneist.org\/innenm2026","article_published_time":"2026-02-18T08:04:54+00:00","article_modified_time":"2026-02-18T08:06:37+00:00","og_image":[{"width":2400,"height":1600,"url":"https:\/\/gneist.org\/innenm2026\/wp-content\/uploads\/2026\/02\/1U9A8443.jpg","type":"image\/jpeg"}],"author":"FRIIDRETTSKOORDINATOR","twitter_card":"summary_large_image","twitter_misc":{"Skrevet av":"FRIIDRETTSKOORDINATOR","Ansl. lesetid":"1 minutt"},"schema":{"@context":"https:\/\/schema.org","@graph":[{"@type":"Article","@id":"https:\/\/gneist.org\/innenm2026\/403-pameldte-til-nm\/#article","isPartOf":{"@id":"https:\/\/gneist.org\/innenm2026\/403-pameldte-til-nm\/"},"author":{"name":"FRIIDRETTSKOORDINATOR","@id":"https:\/\/gneist.org\/innenm2026\/#\/schema\/person\/0bdf64e658fbb5d50cf902224d84748f"},"headline":"403 p\u00e5meldte til NM","datePublished":"2026-02-18T08:04:54+00:00","dateModified":"2026-02-18T08:06:37+00:00","mainEntityOfPage":{"@id":"https:\/\/gneist.org\/innenm2026\/403-pameldte-til-nm\/"},"wordCount":76,"image":{"@id":"https:\/\/gneist.org\/innenm2026\/403-pameldte-til-nm\/#primaryimage"},"thumbnailUrl":"https:\/\/gneist.org\/innenm2026\/wp-content\/uploads\/2026\/02\/1U9A8443-1024x683.jpg","articleSection":["Nyheter"],"inLanguage":"nb-NO"},{"@type":"WebPage","@id":"https:\/\/gneist.org\/innenm2026\/403-pameldte-til-nm\/","url":"https:\/\/gneist.org\/innenm2026\/403-pameldte-til-nm\/","name":"403 p\u00e5meldte til NM - https:\/\/gneist.org\/innenm2026","isPartOf":{"@id":"https:\/\/gneist.org\/innenm2026\/#website"},"primaryImageOfPage":{"@id":"https:\/\/gneist.org\/innenm2026\/403-pameldte-til-nm\/#primaryimage"},"image":{"@id":"https:\/\/gneist.org\/innenm2026\/403-pameldte-til-nm\/#primaryimage"},"thumbnailUrl":"https:\/\/gneist.org\/innenm2026\/wp-content\/uploads\/2026\/02\/1U9A8443-1024x683.jpg","datePublished":"2026-02-18T08:04:54+00:00","dateModified":"2026-02-18T08:06:37+00:00","author":{"@id":"https:\/\/gneist.org\/innenm2026\/#\/schema\/person\/0bdf64e658fbb5d50cf902224d84748f"},"breadcrumb":{"@id":"https:\/\/gneist.org\/innenm2026\/403-pameldte-til-nm\/#breadcrumb"},"inLanguage":"nb-NO","potentialAction":[{"@type":"ReadAction","target":["https:\/\/gneist.org\/innenm2026\/403-pameldte-til-nm\/"]}]},{"@type":"ImageObject","inLanguage":"nb-NO","@id":"https:\/\/gneist.org\/innenm2026\/403-pameldte-til-nm\/#primaryimage","url":"https:\/\/gneist.org\/innenm2026\/wp-content\/uploads\/2026\/02\/1U9A8443.jpg","contentUrl":"https:\/\/gneist.org\/innenm2026\/wp-content\/uploads\/2026\/02\/1U9A8443.jpg","width":2400,"height":1600},{"@type":"BreadcrumbList","@id":"https:\/\/gneist.org\/innenm2026\/403-pameldte-til-nm\/#breadcrumb","itemListElement":[{"@type":"ListItem","position":1,"name":"Home","item":"https:\/\/gneist.org\/innenm2026\/"},{"@type":"ListItem","position":2,"name":"403 p\u00e5meldte til NM"}]},{"@type":"WebSite","@id":"https:\/\/gneist.org\/innenm2026\/#website","url":"https:\/\/gneist.org\/innenm2026\/","name":"https:\/\/gneist.org\/innenm2026","description":"","potentialAction":[{"@type":"SearchAction","target":{"@type":"EntryPoint","urlTemplate":"https:\/\/gneist.org\/innenm2026\/?s={search_term_string}"},"query-input":{"@type":"PropertyValueSpecification","valueRequired":true,"valueName":"search_term_string"}}],"inLanguage":"nb-NO"},{"@type":"Person","@id":"https:\/\/gneist.org\/innenm2026\/#\/schema\/person\/0bdf64e658fbb5d50cf902224d84748f","name":"FRIIDRETTSKOORDINATOR","image":{"@type":"ImageObject","inLanguage":"nb-NO","@id":"https:\/\/secure.gravatar.com\/avatar\/f987b22951eb87555380896174970f8a287be662413103c4b13aec968fee905b?s=96&d=mm&r=g","url":"https:\/\/secure.gravatar.com\/avatar\/f987b22951eb87555380896174970f8a287be662413103c4b13aec968fee905b?s=96&d=mm&r=g","contentUrl":"https:\/\/secure.gravatar.com\/avatar\/f987b22951eb87555380896174970f8a287be662413103c4b13aec968fee905b?s=96&d=mm&r=g","caption":"FRIIDRETTSKOORDINATOR"},"url":"https:\/\/gneist.org\/innenm2026\/author\/friidrettskoordinator\/"}]}},"jetpack_featured_media_url":"","_links":{"self":[{"href":"https:\/\/gneist.org\/innenm2026\/wp-json\/wp\/v2\/posts\/174","targetHints":{"allow":["GET"]}}],"collection":[{"href":"https:\/\/gneist.org\/innenm2026\/wp-json\/wp\/v2\/posts"}],"about":[{"href":"https:\/\/gneist.org\/innenm2026\/wp-json\/wp\/v2\/types\/post"}],"author":[{"embeddable":true,"href":"https:\/\/gneist.org\/innenm2026\/wp-json\/wp\/v2\/users\/1"}],"replies":[{"embeddable":true,"href":"https:\/\/gneist.org\/innenm2026\/wp-json\/wp\/v2\/comments?post=174"}],"version-history":[{"count":1,"href":"https:\/\/gneist.org\/innenm2026\/wp-json\/wp\/v2\/posts\/174\/revisions"}],"predecessor-version":[{"id":177,"href":"https:\/\/gneist.org\/innenm2026\/wp-json\/wp\/v2\/posts\/174\/revisions\/177"}],"wp:attachment":[{"href":"https:\/\/gneist.org\/innenm2026\/wp-json\/wp\/v2\/media?parent=174"}],"wp:term":[{"taxonomy":"category","embeddable":true,"href":"https:\/\/gneist.org\/innenm2026\/wp-json\/wp\/v2\/categories?post=174"},{"taxonomy":"post_tag","embeddable":true,"href":"https:\/\/gneist.org\/innenm2026\/wp-json\/wp\/v2\/tags?post=174"}],"curies":[{"name":"wp","href":"https:\/\/api.w.org\/{rel}","templated":true}]}}