{"id":236,"date":"2026-02-24T09:59:47","date_gmt":"2026-02-24T09:59:47","guid":{"rendered":"https:\/\/gneist.org\/innenm2026\/?p=236"},"modified":"2026-02-24T10:01:43","modified_gmt":"2026-02-24T10:01:43","slug":"endringer-i-tidsskjema-hoyde","status":"publish","type":"post","link":"https:\/\/gneist.org\/innenm2026\/endringer-i-tidsskjema-hoyde\/","title":{"rendered":"Endringer i tidsskjema h\u00f8yde"},"content":{"rendered":"\n<figure class=\"wp-block-image size-large\"><img decoding=\"async\" width=\"1024\" height=\"683\" loading=\"lazy\" src=\"https:\/\/gneist.org\/innenm2026\/wp-content\/uploads\/2026\/02\/1U9A8684-1024x683.jpg\" alt=\"\" class=\"wp-image-238\" srcset=\"https:\/\/gneist.org\/innenm2026\/wp-content\/uploads\/2026\/02\/1U9A8684-1024x683.jpg 1024w, https:\/\/gneist.org\/innenm2026\/wp-content\/uploads\/2026\/02\/1U9A8684-300x200.jpg 300w, https:\/\/gneist.org\/innenm2026\/wp-content\/uploads\/2026\/02\/1U9A8684-768x512.jpg 768w, https:\/\/gneist.org\/innenm2026\/wp-content\/uploads\/2026\/02\/1U9A8684-1536x1024.jpg 1536w, https:\/\/gneist.org\/innenm2026\/wp-content\/uploads\/2026\/02\/1U9A8684-2048x1365.jpg 2048w\" sizes=\"auto, (max-width: 1024px) 100vw, 1024px\" \/><\/figure>\n\n\n\n<p class=\"\">For \u00e5 unng\u00e5 mulig kollisjon i MS lengde og h\u00f8yde har TD besluttet at KS og MS bytter tidspunkt i h\u00f8yde.<br><br><strong>Nytt tidsskjema h\u00f8yde l\u00f8rdag:<\/strong><br>KS 14:45<br>MS 16:30<br><br><strong><a href=\"https:\/\/gneist.org\/innenm2026\/tentativt-tidsskema\/\">Tidsskjema inne-NM<\/a><\/strong> (klikk p\u00e5 link)<\/p>\n\n\n\n<p class=\"\">Tidsskjema er n\u00e5 rettet opp og det g\u00e5r ogs\u00e5 ut mail til alle deltagere i h\u00f8yde.<\/p>\n","protected":false},"excerpt":{"rendered":"<p>For \u00e5 unng\u00e5 mulig kollisjon i MS lengde og h\u00f8yde har TD besluttet at KS og MS bytter tidspunkt i h\u00f8yde.Nytt tidsskjema h\u00f8yde l\u00f8rdag:KS 14:45MS 16:30Tidsskjema inne-NM (klikk p\u00e5 link) Tidsskjema er n\u00e5 rettet opp og det g\u00e5r ogs\u00e5 ut mail til alle deltagere i h\u00f8yde.<\/p>\n","protected":false},"author":1,"featured_media":0,"comment_status":"closed","ping_status":"closed","sticky":false,"template":"","format":"standard","meta":{"nf_dc_page":"","om_disable_all_campaigns":false,"_monsterinsights_skip_tracking":false,"_monsterinsights_sitenote_active":false,"_monsterinsights_sitenote_note":"","_monsterinsights_sitenote_category":0,"footnotes":""},"categories":[7],"tags":[],"class_list":["post-236","post","type-post","status-publish","format-standard","hentry","category-nyheter"],"yoast_head":"<!-- This site is optimized with the Yoast SEO plugin v27.5 - https:\/\/yoast.com\/product\/yoast-seo-wordpress\/ -->\n<title>Endringer i tidsskjema h\u00f8yde - https:\/\/gneist.org\/innenm2026<\/title>\n<meta name=\"robots\" content=\"index, follow, max-snippet:-1, max-image-preview:large, max-video-preview:-1\" \/>\n<link rel=\"canonical\" href=\"https:\/\/gneist.org\/innenm2026\/endringer-i-tidsskjema-hoyde\/\" \/>\n<meta property=\"og:locale\" content=\"nb_NO\" \/>\n<meta property=\"og:type\" content=\"article\" \/>\n<meta property=\"og:title\" content=\"Endringer i tidsskjema h\u00f8yde - https:\/\/gneist.org\/innenm2026\" \/>\n<meta property=\"og:description\" content=\"For \u00e5 unng\u00e5 mulig kollisjon i MS lengde og h\u00f8yde har TD besluttet at KS og MS bytter tidspunkt i h\u00f8yde.Nytt tidsskjema h\u00f8yde l\u00f8rdag:KS 14:45MS 16:30Tidsskjema inne-NM (klikk p\u00e5 link) Tidsskjema er n\u00e5 rettet opp og det g\u00e5r ogs\u00e5 ut mail til alle deltagere i h\u00f8yde.\" \/>\n<meta property=\"og:url\" content=\"https:\/\/gneist.org\/innenm2026\/endringer-i-tidsskjema-hoyde\/\" \/>\n<meta property=\"og:site_name\" content=\"https:\/\/gneist.org\/innenm2026\" \/>\n<meta property=\"article:published_time\" content=\"2026-02-24T09:59:47+00:00\" \/>\n<meta property=\"article:modified_time\" content=\"2026-02-24T10:01:43+00:00\" \/>\n<meta property=\"og:image\" content=\"https:\/\/gneist.org\/innenm2026\/wp-content\/uploads\/2026\/02\/1U9A8684.jpg\" \/>\n\t<meta property=\"og:image:width\" content=\"2400\" \/>\n\t<meta property=\"og:image:height\" content=\"1600\" \/>\n\t<meta property=\"og:image:type\" content=\"image\/jpeg\" \/>\n<meta name=\"author\" content=\"FRIIDRETTSKOORDINATOR\" \/>\n<meta name=\"twitter:card\" content=\"summary_large_image\" \/>\n<meta name=\"twitter:label1\" content=\"Skrevet av\" \/>\n\t<meta name=\"twitter:data1\" content=\"FRIIDRETTSKOORDINATOR\" \/>\n\t<meta name=\"twitter:label2\" content=\"Ansl. lesetid\" \/>\n\t<meta name=\"twitter:data2\" content=\"1 minutt\" \/>\n<script type=\"application\/ld+json\" class=\"yoast-schema-graph\">{\"@context\":\"https:\\\/\\\/schema.org\",\"@graph\":[{\"@type\":\"Article\",\"@id\":\"https:\\\/\\\/gneist.org\\\/innenm2026\\\/endringer-i-tidsskjema-hoyde\\\/#article\",\"isPartOf\":{\"@id\":\"https:\\\/\\\/gneist.org\\\/innenm2026\\\/endringer-i-tidsskjema-hoyde\\\/\"},\"author\":{\"name\":\"FRIIDRETTSKOORDINATOR\",\"@id\":\"https:\\\/\\\/gneist.org\\\/innenm2026\\\/#\\\/schema\\\/person\\\/0bdf64e658fbb5d50cf902224d84748f\"},\"headline\":\"Endringer i tidsskjema h\u00f8yde\",\"datePublished\":\"2026-02-24T09:59:47+00:00\",\"dateModified\":\"2026-02-24T10:01:43+00:00\",\"mainEntityOfPage\":{\"@id\":\"https:\\\/\\\/gneist.org\\\/innenm2026\\\/endringer-i-tidsskjema-hoyde\\\/\"},\"wordCount\":58,\"image\":{\"@id\":\"https:\\\/\\\/gneist.org\\\/innenm2026\\\/endringer-i-tidsskjema-hoyde\\\/#primaryimage\"},\"thumbnailUrl\":\"https:\\\/\\\/gneist.org\\\/innenm2026\\\/wp-content\\\/uploads\\\/2026\\\/02\\\/1U9A8684-1024x683.jpg\",\"articleSection\":[\"Nyheter\"],\"inLanguage\":\"nb-NO\"},{\"@type\":\"WebPage\",\"@id\":\"https:\\\/\\\/gneist.org\\\/innenm2026\\\/endringer-i-tidsskjema-hoyde\\\/\",\"url\":\"https:\\\/\\\/gneist.org\\\/innenm2026\\\/endringer-i-tidsskjema-hoyde\\\/\",\"name\":\"Endringer i tidsskjema h\u00f8yde - https:\\\/\\\/gneist.org\\\/innenm2026\",\"isPartOf\":{\"@id\":\"https:\\\/\\\/gneist.org\\\/innenm2026\\\/#website\"},\"primaryImageOfPage\":{\"@id\":\"https:\\\/\\\/gneist.org\\\/innenm2026\\\/endringer-i-tidsskjema-hoyde\\\/#primaryimage\"},\"image\":{\"@id\":\"https:\\\/\\\/gneist.org\\\/innenm2026\\\/endringer-i-tidsskjema-hoyde\\\/#primaryimage\"},\"thumbnailUrl\":\"https:\\\/\\\/gneist.org\\\/innenm2026\\\/wp-content\\\/uploads\\\/2026\\\/02\\\/1U9A8684-1024x683.jpg\",\"datePublished\":\"2026-02-24T09:59:47+00:00\",\"dateModified\":\"2026-02-24T10:01:43+00:00\",\"author\":{\"@id\":\"https:\\\/\\\/gneist.org\\\/innenm2026\\\/#\\\/schema\\\/person\\\/0bdf64e658fbb5d50cf902224d84748f\"},\"breadcrumb\":{\"@id\":\"https:\\\/\\\/gneist.org\\\/innenm2026\\\/endringer-i-tidsskjema-hoyde\\\/#breadcrumb\"},\"inLanguage\":\"nb-NO\",\"potentialAction\":[{\"@type\":\"ReadAction\",\"target\":[\"https:\\\/\\\/gneist.org\\\/innenm2026\\\/endringer-i-tidsskjema-hoyde\\\/\"]}]},{\"@type\":\"ImageObject\",\"inLanguage\":\"nb-NO\",\"@id\":\"https:\\\/\\\/gneist.org\\\/innenm2026\\\/endringer-i-tidsskjema-hoyde\\\/#primaryimage\",\"url\":\"https:\\\/\\\/gneist.org\\\/innenm2026\\\/wp-content\\\/uploads\\\/2026\\\/02\\\/1U9A8684.jpg\",\"contentUrl\":\"https:\\\/\\\/gneist.org\\\/innenm2026\\\/wp-content\\\/uploads\\\/2026\\\/02\\\/1U9A8684.jpg\",\"width\":2400,\"height\":1600},{\"@type\":\"BreadcrumbList\",\"@id\":\"https:\\\/\\\/gneist.org\\\/innenm2026\\\/endringer-i-tidsskjema-hoyde\\\/#breadcrumb\",\"itemListElement\":[{\"@type\":\"ListItem\",\"position\":1,\"name\":\"Home\",\"item\":\"https:\\\/\\\/gneist.org\\\/innenm2026\\\/\"},{\"@type\":\"ListItem\",\"position\":2,\"name\":\"Endringer i tidsskjema h\u00f8yde\"}]},{\"@type\":\"WebSite\",\"@id\":\"https:\\\/\\\/gneist.org\\\/innenm2026\\\/#website\",\"url\":\"https:\\\/\\\/gneist.org\\\/innenm2026\\\/\",\"name\":\"https:\\\/\\\/gneist.org\\\/innenm2026\",\"description\":\"\",\"potentialAction\":[{\"@type\":\"SearchAction\",\"target\":{\"@type\":\"EntryPoint\",\"urlTemplate\":\"https:\\\/\\\/gneist.org\\\/innenm2026\\\/?s={search_term_string}\"},\"query-input\":{\"@type\":\"PropertyValueSpecification\",\"valueRequired\":true,\"valueName\":\"search_term_string\"}}],\"inLanguage\":\"nb-NO\"},{\"@type\":\"Person\",\"@id\":\"https:\\\/\\\/gneist.org\\\/innenm2026\\\/#\\\/schema\\\/person\\\/0bdf64e658fbb5d50cf902224d84748f\",\"name\":\"FRIIDRETTSKOORDINATOR\",\"image\":{\"@type\":\"ImageObject\",\"inLanguage\":\"nb-NO\",\"@id\":\"https:\\\/\\\/secure.gravatar.com\\\/avatar\\\/f987b22951eb87555380896174970f8a287be662413103c4b13aec968fee905b?s=96&d=mm&r=g\",\"url\":\"https:\\\/\\\/secure.gravatar.com\\\/avatar\\\/f987b22951eb87555380896174970f8a287be662413103c4b13aec968fee905b?s=96&d=mm&r=g\",\"contentUrl\":\"https:\\\/\\\/secure.gravatar.com\\\/avatar\\\/f987b22951eb87555380896174970f8a287be662413103c4b13aec968fee905b?s=96&d=mm&r=g\",\"caption\":\"FRIIDRETTSKOORDINATOR\"},\"url\":\"https:\\\/\\\/gneist.org\\\/innenm2026\\\/author\\\/friidrettskoordinator\\\/\"}]}<\/script>\n<!-- \/ Yoast SEO plugin. -->","yoast_head_json":{"title":"Endringer i tidsskjema h\u00f8yde - https:\/\/gneist.org\/innenm2026","robots":{"index":"index","follow":"follow","max-snippet":"max-snippet:-1","max-image-preview":"max-image-preview:large","max-video-preview":"max-video-preview:-1"},"canonical":"https:\/\/gneist.org\/innenm2026\/endringer-i-tidsskjema-hoyde\/","og_locale":"nb_NO","og_type":"article","og_title":"Endringer i tidsskjema h\u00f8yde - https:\/\/gneist.org\/innenm2026","og_description":"For \u00e5 unng\u00e5 mulig kollisjon i MS lengde og h\u00f8yde har TD besluttet at KS og MS bytter tidspunkt i h\u00f8yde.Nytt tidsskjema h\u00f8yde l\u00f8rdag:KS 14:45MS 16:30Tidsskjema inne-NM (klikk p\u00e5 link) Tidsskjema er n\u00e5 rettet opp og det g\u00e5r ogs\u00e5 ut mail til alle deltagere i h\u00f8yde.","og_url":"https:\/\/gneist.org\/innenm2026\/endringer-i-tidsskjema-hoyde\/","og_site_name":"https:\/\/gneist.org\/innenm2026","article_published_time":"2026-02-24T09:59:47+00:00","article_modified_time":"2026-02-24T10:01:43+00:00","og_image":[{"width":2400,"height":1600,"url":"https:\/\/gneist.org\/innenm2026\/wp-content\/uploads\/2026\/02\/1U9A8684.jpg","type":"image\/jpeg"}],"author":"FRIIDRETTSKOORDINATOR","twitter_card":"summary_large_image","twitter_misc":{"Skrevet av":"FRIIDRETTSKOORDINATOR","Ansl. lesetid":"1 minutt"},"schema":{"@context":"https:\/\/schema.org","@graph":[{"@type":"Article","@id":"https:\/\/gneist.org\/innenm2026\/endringer-i-tidsskjema-hoyde\/#article","isPartOf":{"@id":"https:\/\/gneist.org\/innenm2026\/endringer-i-tidsskjema-hoyde\/"},"author":{"name":"FRIIDRETTSKOORDINATOR","@id":"https:\/\/gneist.org\/innenm2026\/#\/schema\/person\/0bdf64e658fbb5d50cf902224d84748f"},"headline":"Endringer i tidsskjema h\u00f8yde","datePublished":"2026-02-24T09:59:47+00:00","dateModified":"2026-02-24T10:01:43+00:00","mainEntityOfPage":{"@id":"https:\/\/gneist.org\/innenm2026\/endringer-i-tidsskjema-hoyde\/"},"wordCount":58,"image":{"@id":"https:\/\/gneist.org\/innenm2026\/endringer-i-tidsskjema-hoyde\/#primaryimage"},"thumbnailUrl":"https:\/\/gneist.org\/innenm2026\/wp-content\/uploads\/2026\/02\/1U9A8684-1024x683.jpg","articleSection":["Nyheter"],"inLanguage":"nb-NO"},{"@type":"WebPage","@id":"https:\/\/gneist.org\/innenm2026\/endringer-i-tidsskjema-hoyde\/","url":"https:\/\/gneist.org\/innenm2026\/endringer-i-tidsskjema-hoyde\/","name":"Endringer i tidsskjema h\u00f8yde - https:\/\/gneist.org\/innenm2026","isPartOf":{"@id":"https:\/\/gneist.org\/innenm2026\/#website"},"primaryImageOfPage":{"@id":"https:\/\/gneist.org\/innenm2026\/endringer-i-tidsskjema-hoyde\/#primaryimage"},"image":{"@id":"https:\/\/gneist.org\/innenm2026\/endringer-i-tidsskjema-hoyde\/#primaryimage"},"thumbnailUrl":"https:\/\/gneist.org\/innenm2026\/wp-content\/uploads\/2026\/02\/1U9A8684-1024x683.jpg","datePublished":"2026-02-24T09:59:47+00:00","dateModified":"2026-02-24T10:01:43+00:00","author":{"@id":"https:\/\/gneist.org\/innenm2026\/#\/schema\/person\/0bdf64e658fbb5d50cf902224d84748f"},"breadcrumb":{"@id":"https:\/\/gneist.org\/innenm2026\/endringer-i-tidsskjema-hoyde\/#breadcrumb"},"inLanguage":"nb-NO","potentialAction":[{"@type":"ReadAction","target":["https:\/\/gneist.org\/innenm2026\/endringer-i-tidsskjema-hoyde\/"]}]},{"@type":"ImageObject","inLanguage":"nb-NO","@id":"https:\/\/gneist.org\/innenm2026\/endringer-i-tidsskjema-hoyde\/#primaryimage","url":"https:\/\/gneist.org\/innenm2026\/wp-content\/uploads\/2026\/02\/1U9A8684.jpg","contentUrl":"https:\/\/gneist.org\/innenm2026\/wp-content\/uploads\/2026\/02\/1U9A8684.jpg","width":2400,"height":1600},{"@type":"BreadcrumbList","@id":"https:\/\/gneist.org\/innenm2026\/endringer-i-tidsskjema-hoyde\/#breadcrumb","itemListElement":[{"@type":"ListItem","position":1,"name":"Home","item":"https:\/\/gneist.org\/innenm2026\/"},{"@type":"ListItem","position":2,"name":"Endringer i tidsskjema h\u00f8yde"}]},{"@type":"WebSite","@id":"https:\/\/gneist.org\/innenm2026\/#website","url":"https:\/\/gneist.org\/innenm2026\/","name":"https:\/\/gneist.org\/innenm2026","description":"","potentialAction":[{"@type":"SearchAction","target":{"@type":"EntryPoint","urlTemplate":"https:\/\/gneist.org\/innenm2026\/?s={search_term_string}"},"query-input":{"@type":"PropertyValueSpecification","valueRequired":true,"valueName":"search_term_string"}}],"inLanguage":"nb-NO"},{"@type":"Person","@id":"https:\/\/gneist.org\/innenm2026\/#\/schema\/person\/0bdf64e658fbb5d50cf902224d84748f","name":"FRIIDRETTSKOORDINATOR","image":{"@type":"ImageObject","inLanguage":"nb-NO","@id":"https:\/\/secure.gravatar.com\/avatar\/f987b22951eb87555380896174970f8a287be662413103c4b13aec968fee905b?s=96&d=mm&r=g","url":"https:\/\/secure.gravatar.com\/avatar\/f987b22951eb87555380896174970f8a287be662413103c4b13aec968fee905b?s=96&d=mm&r=g","contentUrl":"https:\/\/secure.gravatar.com\/avatar\/f987b22951eb87555380896174970f8a287be662413103c4b13aec968fee905b?s=96&d=mm&r=g","caption":"FRIIDRETTSKOORDINATOR"},"url":"https:\/\/gneist.org\/innenm2026\/author\/friidrettskoordinator\/"}]}},"jetpack_featured_media_url":"","_links":{"self":[{"href":"https:\/\/gneist.org\/innenm2026\/wp-json\/wp\/v2\/posts\/236","targetHints":{"allow":["GET"]}}],"collection":[{"href":"https:\/\/gneist.org\/innenm2026\/wp-json\/wp\/v2\/posts"}],"about":[{"href":"https:\/\/gneist.org\/innenm2026\/wp-json\/wp\/v2\/types\/post"}],"author":[{"embeddable":true,"href":"https:\/\/gneist.org\/innenm2026\/wp-json\/wp\/v2\/users\/1"}],"replies":[{"embeddable":true,"href":"https:\/\/gneist.org\/innenm2026\/wp-json\/wp\/v2\/comments?post=236"}],"version-history":[{"count":2,"href":"https:\/\/gneist.org\/innenm2026\/wp-json\/wp\/v2\/posts\/236\/revisions"}],"predecessor-version":[{"id":240,"href":"https:\/\/gneist.org\/innenm2026\/wp-json\/wp\/v2\/posts\/236\/revisions\/240"}],"wp:attachment":[{"href":"https:\/\/gneist.org\/innenm2026\/wp-json\/wp\/v2\/media?parent=236"}],"wp:term":[{"taxonomy":"category","embeddable":true,"href":"https:\/\/gneist.org\/innenm2026\/wp-json\/wp\/v2\/categories?post=236"},{"taxonomy":"post_tag","embeddable":true,"href":"https:\/\/gneist.org\/innenm2026\/wp-json\/wp\/v2\/tags?post=236"}],"curies":[{"name":"wp","href":"https:\/\/api.w.org\/{rel}","templated":true}]}}