{"id":242,"date":"2026-02-24T12:33:56","date_gmt":"2026-02-24T12:33:56","guid":{"rendered":"https:\/\/gneist.org\/innenm2026\/?p=242"},"modified":"2026-02-24T12:34:40","modified_gmt":"2026-02-24T12:34:40","slug":"husk-a-bestille-buss-transport","status":"publish","type":"post","link":"https:\/\/gneist.org\/innenm2026\/husk-a-bestille-buss-transport\/","title":{"rendered":"Husk \u00e5 bestille buss-transport"},"content":{"rendered":"\n<figure class=\"wp-block-image size-full\"><img decoding=\"async\" width=\"1024\" height=\"768\" loading=\"lazy\" src=\"https:\/\/gneist.org\/innenm2026\/wp-content\/uploads\/2026\/02\/IMG_20240505_112322.jpg\" alt=\"\" class=\"wp-image-244\" srcset=\"https:\/\/gneist.org\/innenm2026\/wp-content\/uploads\/2026\/02\/IMG_20240505_112322.jpg 1024w, https:\/\/gneist.org\/innenm2026\/wp-content\/uploads\/2026\/02\/IMG_20240505_112322-300x225.jpg 300w, https:\/\/gneist.org\/innenm2026\/wp-content\/uploads\/2026\/02\/IMG_20240505_112322-768x576.jpg 768w\" sizes=\"auto, (max-width: 1024px) 100vw, 1024px\" \/><\/figure>\n\n\n\n<p class=\"\">Vi minner om at det er satt opp shuttelbuss (Tide) fra hotellet til arenaen alle dager samt fra arena til hotell fredag og l\u00f8rdag. S\u00f8ndag g\u00e5r denne bussen til flyplassen etter stevneslutt. Det er begrenset antall billetter.<br><br><strong>Tidsplan for disse bussene er: (Kj\u00f8retid fra hotell-arena 10-15 min avhengig av trafikk)<\/strong><br>Fredag fra hotell til arena : 14:35 og 15:35 og fredag fra arena til hotell : 20:00 og 21:20<br>L\u00f8rdag fra hotell til arena : 09:20 og 12:00 og l\u00f8rdag fra arena til hotell : 18:00 og 19:00<br>S\u00f8ndag fra hotell til Arena : 08:00 og 09:00 og s\u00f8ndag fra arena til flyplass : 14:45 og 15:45<br><br>\u00d8nsker klubber bestille samlet, er dette ogs\u00e5 mulig. G\u00e5 til arkfanen deltager\/transport for mer info.<\/p>\n","protected":false},"excerpt":{"rendered":"<p>Vi minner om at det er satt opp shuttelbuss (Tide) fra hotellet til arenaen alle dager samt fra arena til hotell fredag og l\u00f8rdag. S\u00f8ndag g\u00e5r denne bussen til flyplassen etter stevneslutt. Det er begrenset antall billetter.Tidsplan for disse bussene er: (Kj\u00f8retid fra hotell-arena 10-15 min avhengig av trafikk)Fredag fra hotell til arena : 14:35&#8230;<\/p>\n<div class=\"read-more\"><a href=\"https:\/\/gneist.org\/innenm2026\/husk-a-bestille-buss-transport\/\">Read More<\/a><\/div>\n","protected":false},"author":1,"featured_media":0,"comment_status":"closed","ping_status":"closed","sticky":false,"template":"","format":"standard","meta":{"nf_dc_page":"","om_disable_all_campaigns":false,"_monsterinsights_skip_tracking":false,"_monsterinsights_sitenote_active":false,"_monsterinsights_sitenote_note":"","_monsterinsights_sitenote_category":0,"footnotes":""},"categories":[7],"tags":[],"class_list":["post-242","post","type-post","status-publish","format-standard","hentry","category-nyheter"],"yoast_head":"<!-- This site is optimized with the Yoast SEO plugin v27.5 - https:\/\/yoast.com\/product\/yoast-seo-wordpress\/ -->\n<title>Husk \u00e5 bestille buss-transport - https:\/\/gneist.org\/innenm2026<\/title>\n<meta name=\"robots\" content=\"index, follow, max-snippet:-1, max-image-preview:large, max-video-preview:-1\" \/>\n<link rel=\"canonical\" href=\"https:\/\/gneist.org\/innenm2026\/husk-a-bestille-buss-transport\/\" \/>\n<meta property=\"og:locale\" content=\"nb_NO\" \/>\n<meta property=\"og:type\" content=\"article\" \/>\n<meta property=\"og:title\" content=\"Husk \u00e5 bestille buss-transport - https:\/\/gneist.org\/innenm2026\" \/>\n<meta property=\"og:description\" content=\"Vi minner om at det er satt opp shuttelbuss (Tide) fra hotellet til arenaen alle dager samt fra arena til hotell fredag og l\u00f8rdag. S\u00f8ndag g\u00e5r denne bussen til flyplassen etter stevneslutt. Det er begrenset antall billetter.Tidsplan for disse bussene er: (Kj\u00f8retid fra hotell-arena 10-15 min avhengig av trafikk)Fredag fra hotell til arena : 14:35...Read More\" \/>\n<meta property=\"og:url\" content=\"https:\/\/gneist.org\/innenm2026\/husk-a-bestille-buss-transport\/\" \/>\n<meta property=\"og:site_name\" content=\"https:\/\/gneist.org\/innenm2026\" \/>\n<meta property=\"article:published_time\" content=\"2026-02-24T12:33:56+00:00\" \/>\n<meta property=\"article:modified_time\" content=\"2026-02-24T12:34:40+00:00\" \/>\n<meta property=\"og:image\" content=\"https:\/\/gneist.org\/innenm2026\/wp-content\/uploads\/2026\/02\/IMG_20240505_112322.jpg\" \/>\n\t<meta property=\"og:image:width\" content=\"1024\" \/>\n\t<meta property=\"og:image:height\" content=\"768\" \/>\n\t<meta property=\"og:image:type\" content=\"image\/jpeg\" \/>\n<meta name=\"author\" content=\"FRIIDRETTSKOORDINATOR\" \/>\n<meta name=\"twitter:card\" content=\"summary_large_image\" \/>\n<meta name=\"twitter:label1\" content=\"Skrevet av\" \/>\n\t<meta name=\"twitter:data1\" content=\"FRIIDRETTSKOORDINATOR\" \/>\n\t<meta name=\"twitter:label2\" content=\"Ansl. lesetid\" \/>\n\t<meta name=\"twitter:data2\" content=\"1 minutt\" \/>\n<script type=\"application\/ld+json\" class=\"yoast-schema-graph\">{\"@context\":\"https:\\\/\\\/schema.org\",\"@graph\":[{\"@type\":\"Article\",\"@id\":\"https:\\\/\\\/gneist.org\\\/innenm2026\\\/husk-a-bestille-buss-transport\\\/#article\",\"isPartOf\":{\"@id\":\"https:\\\/\\\/gneist.org\\\/innenm2026\\\/husk-a-bestille-buss-transport\\\/\"},\"author\":{\"name\":\"FRIIDRETTSKOORDINATOR\",\"@id\":\"https:\\\/\\\/gneist.org\\\/innenm2026\\\/#\\\/schema\\\/person\\\/0bdf64e658fbb5d50cf902224d84748f\"},\"headline\":\"Husk \u00e5 bestille buss-transport\",\"datePublished\":\"2026-02-24T12:33:56+00:00\",\"dateModified\":\"2026-02-24T12:34:40+00:00\",\"mainEntityOfPage\":{\"@id\":\"https:\\\/\\\/gneist.org\\\/innenm2026\\\/husk-a-bestille-buss-transport\\\/\"},\"wordCount\":116,\"image\":{\"@id\":\"https:\\\/\\\/gneist.org\\\/innenm2026\\\/husk-a-bestille-buss-transport\\\/#primaryimage\"},\"thumbnailUrl\":\"https:\\\/\\\/gneist.org\\\/innenm2026\\\/wp-content\\\/uploads\\\/2026\\\/02\\\/IMG_20240505_112322.jpg\",\"articleSection\":[\"Nyheter\"],\"inLanguage\":\"nb-NO\"},{\"@type\":\"WebPage\",\"@id\":\"https:\\\/\\\/gneist.org\\\/innenm2026\\\/husk-a-bestille-buss-transport\\\/\",\"url\":\"https:\\\/\\\/gneist.org\\\/innenm2026\\\/husk-a-bestille-buss-transport\\\/\",\"name\":\"Husk \u00e5 bestille buss-transport - https:\\\/\\\/gneist.org\\\/innenm2026\",\"isPartOf\":{\"@id\":\"https:\\\/\\\/gneist.org\\\/innenm2026\\\/#website\"},\"primaryImageOfPage\":{\"@id\":\"https:\\\/\\\/gneist.org\\\/innenm2026\\\/husk-a-bestille-buss-transport\\\/#primaryimage\"},\"image\":{\"@id\":\"https:\\\/\\\/gneist.org\\\/innenm2026\\\/husk-a-bestille-buss-transport\\\/#primaryimage\"},\"thumbnailUrl\":\"https:\\\/\\\/gneist.org\\\/innenm2026\\\/wp-content\\\/uploads\\\/2026\\\/02\\\/IMG_20240505_112322.jpg\",\"datePublished\":\"2026-02-24T12:33:56+00:00\",\"dateModified\":\"2026-02-24T12:34:40+00:00\",\"author\":{\"@id\":\"https:\\\/\\\/gneist.org\\\/innenm2026\\\/#\\\/schema\\\/person\\\/0bdf64e658fbb5d50cf902224d84748f\"},\"breadcrumb\":{\"@id\":\"https:\\\/\\\/gneist.org\\\/innenm2026\\\/husk-a-bestille-buss-transport\\\/#breadcrumb\"},\"inLanguage\":\"nb-NO\",\"potentialAction\":[{\"@type\":\"ReadAction\",\"target\":[\"https:\\\/\\\/gneist.org\\\/innenm2026\\\/husk-a-bestille-buss-transport\\\/\"]}]},{\"@type\":\"ImageObject\",\"inLanguage\":\"nb-NO\",\"@id\":\"https:\\\/\\\/gneist.org\\\/innenm2026\\\/husk-a-bestille-buss-transport\\\/#primaryimage\",\"url\":\"https:\\\/\\\/gneist.org\\\/innenm2026\\\/wp-content\\\/uploads\\\/2026\\\/02\\\/IMG_20240505_112322.jpg\",\"contentUrl\":\"https:\\\/\\\/gneist.org\\\/innenm2026\\\/wp-content\\\/uploads\\\/2026\\\/02\\\/IMG_20240505_112322.jpg\",\"width\":1024,\"height\":768},{\"@type\":\"BreadcrumbList\",\"@id\":\"https:\\\/\\\/gneist.org\\\/innenm2026\\\/husk-a-bestille-buss-transport\\\/#breadcrumb\",\"itemListElement\":[{\"@type\":\"ListItem\",\"position\":1,\"name\":\"Home\",\"item\":\"https:\\\/\\\/gneist.org\\\/innenm2026\\\/\"},{\"@type\":\"ListItem\",\"position\":2,\"name\":\"Husk \u00e5 bestille buss-transport\"}]},{\"@type\":\"WebSite\",\"@id\":\"https:\\\/\\\/gneist.org\\\/innenm2026\\\/#website\",\"url\":\"https:\\\/\\\/gneist.org\\\/innenm2026\\\/\",\"name\":\"https:\\\/\\\/gneist.org\\\/innenm2026\",\"description\":\"\",\"potentialAction\":[{\"@type\":\"SearchAction\",\"target\":{\"@type\":\"EntryPoint\",\"urlTemplate\":\"https:\\\/\\\/gneist.org\\\/innenm2026\\\/?s={search_term_string}\"},\"query-input\":{\"@type\":\"PropertyValueSpecification\",\"valueRequired\":true,\"valueName\":\"search_term_string\"}}],\"inLanguage\":\"nb-NO\"},{\"@type\":\"Person\",\"@id\":\"https:\\\/\\\/gneist.org\\\/innenm2026\\\/#\\\/schema\\\/person\\\/0bdf64e658fbb5d50cf902224d84748f\",\"name\":\"FRIIDRETTSKOORDINATOR\",\"image\":{\"@type\":\"ImageObject\",\"inLanguage\":\"nb-NO\",\"@id\":\"https:\\\/\\\/secure.gravatar.com\\\/avatar\\\/f987b22951eb87555380896174970f8a287be662413103c4b13aec968fee905b?s=96&d=mm&r=g\",\"url\":\"https:\\\/\\\/secure.gravatar.com\\\/avatar\\\/f987b22951eb87555380896174970f8a287be662413103c4b13aec968fee905b?s=96&d=mm&r=g\",\"contentUrl\":\"https:\\\/\\\/secure.gravatar.com\\\/avatar\\\/f987b22951eb87555380896174970f8a287be662413103c4b13aec968fee905b?s=96&d=mm&r=g\",\"caption\":\"FRIIDRETTSKOORDINATOR\"},\"url\":\"https:\\\/\\\/gneist.org\\\/innenm2026\\\/author\\\/friidrettskoordinator\\\/\"}]}<\/script>\n<!-- \/ Yoast SEO plugin. -->","yoast_head_json":{"title":"Husk \u00e5 bestille buss-transport - https:\/\/gneist.org\/innenm2026","robots":{"index":"index","follow":"follow","max-snippet":"max-snippet:-1","max-image-preview":"max-image-preview:large","max-video-preview":"max-video-preview:-1"},"canonical":"https:\/\/gneist.org\/innenm2026\/husk-a-bestille-buss-transport\/","og_locale":"nb_NO","og_type":"article","og_title":"Husk \u00e5 bestille buss-transport - https:\/\/gneist.org\/innenm2026","og_description":"Vi minner om at det er satt opp shuttelbuss (Tide) fra hotellet til arenaen alle dager samt fra arena til hotell fredag og l\u00f8rdag. S\u00f8ndag g\u00e5r denne bussen til flyplassen etter stevneslutt. Det er begrenset antall billetter.Tidsplan for disse bussene er: (Kj\u00f8retid fra hotell-arena 10-15 min avhengig av trafikk)Fredag fra hotell til arena : 14:35...Read More","og_url":"https:\/\/gneist.org\/innenm2026\/husk-a-bestille-buss-transport\/","og_site_name":"https:\/\/gneist.org\/innenm2026","article_published_time":"2026-02-24T12:33:56+00:00","article_modified_time":"2026-02-24T12:34:40+00:00","og_image":[{"width":1024,"height":768,"url":"https:\/\/gneist.org\/innenm2026\/wp-content\/uploads\/2026\/02\/IMG_20240505_112322.jpg","type":"image\/jpeg"}],"author":"FRIIDRETTSKOORDINATOR","twitter_card":"summary_large_image","twitter_misc":{"Skrevet av":"FRIIDRETTSKOORDINATOR","Ansl. lesetid":"1 minutt"},"schema":{"@context":"https:\/\/schema.org","@graph":[{"@type":"Article","@id":"https:\/\/gneist.org\/innenm2026\/husk-a-bestille-buss-transport\/#article","isPartOf":{"@id":"https:\/\/gneist.org\/innenm2026\/husk-a-bestille-buss-transport\/"},"author":{"name":"FRIIDRETTSKOORDINATOR","@id":"https:\/\/gneist.org\/innenm2026\/#\/schema\/person\/0bdf64e658fbb5d50cf902224d84748f"},"headline":"Husk \u00e5 bestille buss-transport","datePublished":"2026-02-24T12:33:56+00:00","dateModified":"2026-02-24T12:34:40+00:00","mainEntityOfPage":{"@id":"https:\/\/gneist.org\/innenm2026\/husk-a-bestille-buss-transport\/"},"wordCount":116,"image":{"@id":"https:\/\/gneist.org\/innenm2026\/husk-a-bestille-buss-transport\/#primaryimage"},"thumbnailUrl":"https:\/\/gneist.org\/innenm2026\/wp-content\/uploads\/2026\/02\/IMG_20240505_112322.jpg","articleSection":["Nyheter"],"inLanguage":"nb-NO"},{"@type":"WebPage","@id":"https:\/\/gneist.org\/innenm2026\/husk-a-bestille-buss-transport\/","url":"https:\/\/gneist.org\/innenm2026\/husk-a-bestille-buss-transport\/","name":"Husk \u00e5 bestille buss-transport - https:\/\/gneist.org\/innenm2026","isPartOf":{"@id":"https:\/\/gneist.org\/innenm2026\/#website"},"primaryImageOfPage":{"@id":"https:\/\/gneist.org\/innenm2026\/husk-a-bestille-buss-transport\/#primaryimage"},"image":{"@id":"https:\/\/gneist.org\/innenm2026\/husk-a-bestille-buss-transport\/#primaryimage"},"thumbnailUrl":"https:\/\/gneist.org\/innenm2026\/wp-content\/uploads\/2026\/02\/IMG_20240505_112322.jpg","datePublished":"2026-02-24T12:33:56+00:00","dateModified":"2026-02-24T12:34:40+00:00","author":{"@id":"https:\/\/gneist.org\/innenm2026\/#\/schema\/person\/0bdf64e658fbb5d50cf902224d84748f"},"breadcrumb":{"@id":"https:\/\/gneist.org\/innenm2026\/husk-a-bestille-buss-transport\/#breadcrumb"},"inLanguage":"nb-NO","potentialAction":[{"@type":"ReadAction","target":["https:\/\/gneist.org\/innenm2026\/husk-a-bestille-buss-transport\/"]}]},{"@type":"ImageObject","inLanguage":"nb-NO","@id":"https:\/\/gneist.org\/innenm2026\/husk-a-bestille-buss-transport\/#primaryimage","url":"https:\/\/gneist.org\/innenm2026\/wp-content\/uploads\/2026\/02\/IMG_20240505_112322.jpg","contentUrl":"https:\/\/gneist.org\/innenm2026\/wp-content\/uploads\/2026\/02\/IMG_20240505_112322.jpg","width":1024,"height":768},{"@type":"BreadcrumbList","@id":"https:\/\/gneist.org\/innenm2026\/husk-a-bestille-buss-transport\/#breadcrumb","itemListElement":[{"@type":"ListItem","position":1,"name":"Home","item":"https:\/\/gneist.org\/innenm2026\/"},{"@type":"ListItem","position":2,"name":"Husk \u00e5 bestille buss-transport"}]},{"@type":"WebSite","@id":"https:\/\/gneist.org\/innenm2026\/#website","url":"https:\/\/gneist.org\/innenm2026\/","name":"https:\/\/gneist.org\/innenm2026","description":"","potentialAction":[{"@type":"SearchAction","target":{"@type":"EntryPoint","urlTemplate":"https:\/\/gneist.org\/innenm2026\/?s={search_term_string}"},"query-input":{"@type":"PropertyValueSpecification","valueRequired":true,"valueName":"search_term_string"}}],"inLanguage":"nb-NO"},{"@type":"Person","@id":"https:\/\/gneist.org\/innenm2026\/#\/schema\/person\/0bdf64e658fbb5d50cf902224d84748f","name":"FRIIDRETTSKOORDINATOR","image":{"@type":"ImageObject","inLanguage":"nb-NO","@id":"https:\/\/secure.gravatar.com\/avatar\/f987b22951eb87555380896174970f8a287be662413103c4b13aec968fee905b?s=96&d=mm&r=g","url":"https:\/\/secure.gravatar.com\/avatar\/f987b22951eb87555380896174970f8a287be662413103c4b13aec968fee905b?s=96&d=mm&r=g","contentUrl":"https:\/\/secure.gravatar.com\/avatar\/f987b22951eb87555380896174970f8a287be662413103c4b13aec968fee905b?s=96&d=mm&r=g","caption":"FRIIDRETTSKOORDINATOR"},"url":"https:\/\/gneist.org\/innenm2026\/author\/friidrettskoordinator\/"}]}},"jetpack_featured_media_url":"","_links":{"self":[{"href":"https:\/\/gneist.org\/innenm2026\/wp-json\/wp\/v2\/posts\/242","targetHints":{"allow":["GET"]}}],"collection":[{"href":"https:\/\/gneist.org\/innenm2026\/wp-json\/wp\/v2\/posts"}],"about":[{"href":"https:\/\/gneist.org\/innenm2026\/wp-json\/wp\/v2\/types\/post"}],"author":[{"embeddable":true,"href":"https:\/\/gneist.org\/innenm2026\/wp-json\/wp\/v2\/users\/1"}],"replies":[{"embeddable":true,"href":"https:\/\/gneist.org\/innenm2026\/wp-json\/wp\/v2\/comments?post=242"}],"version-history":[{"count":1,"href":"https:\/\/gneist.org\/innenm2026\/wp-json\/wp\/v2\/posts\/242\/revisions"}],"predecessor-version":[{"id":245,"href":"https:\/\/gneist.org\/innenm2026\/wp-json\/wp\/v2\/posts\/242\/revisions\/245"}],"wp:attachment":[{"href":"https:\/\/gneist.org\/innenm2026\/wp-json\/wp\/v2\/media?parent=242"}],"wp:term":[{"taxonomy":"category","embeddable":true,"href":"https:\/\/gneist.org\/innenm2026\/wp-json\/wp\/v2\/categories?post=242"},{"taxonomy":"post_tag","embeddable":true,"href":"https:\/\/gneist.org\/innenm2026\/wp-json\/wp\/v2\/tags?post=242"}],"curies":[{"name":"wp","href":"https:\/\/api.w.org\/{rel}","templated":true}]}}