{"id":310,"date":"2026-03-01T08:43:40","date_gmt":"2026-03-01T08:43:40","guid":{"rendered":"https:\/\/gneist.org\/innenm2026\/?p=310"},"modified":"2026-03-23T08:07:18","modified_gmt":"2026-03-23T08:07:18","slug":"lagoppstilling-stafett","status":"publish","type":"post","link":"https:\/\/gneist.org\/innenm2026\/lagoppstilling-stafett\/","title":{"rendered":"Lagoppstilling stafett"},"content":{"rendered":"\n<figure class=\"wp-block-image size-large\"><img decoding=\"async\" width=\"1024\" height=\"827\" loading=\"lazy\" src=\"https:\/\/gneist.org\/innenm2026\/wp-content\/uploads\/2026\/03\/1U9A4410-1024x827.jpg\" alt=\"\" class=\"wp-image-317\" srcset=\"https:\/\/gneist.org\/innenm2026\/wp-content\/uploads\/2026\/03\/1U9A4410-1024x827.jpg 1024w, https:\/\/gneist.org\/innenm2026\/wp-content\/uploads\/2026\/03\/1U9A4410-300x242.jpg 300w, https:\/\/gneist.org\/innenm2026\/wp-content\/uploads\/2026\/03\/1U9A4410-768x620.jpg 768w, https:\/\/gneist.org\/innenm2026\/wp-content\/uploads\/2026\/03\/1U9A4410-1536x1240.jpg 1536w, https:\/\/gneist.org\/innenm2026\/wp-content\/uploads\/2026\/03\/1U9A4410-2048x1654.jpg 2048w\" sizes=\"auto, (max-width: 1024px) 100vw, 1024px\" \/><\/figure>\n\n\n\n<p class=\"\">Lagoppstillinger for stafett m\u00e5 leveres inn senest kl 11:00 til sekretariatet i Gneist Arena (2 etasje). B\u00e5de MS og KS. <br><br>Seeding skjer p\u00e5 grunnlag av innlevert lagoppstilling.<br><br>Startnummer utleveres i Callroom.<\/p>\n","protected":false},"excerpt":{"rendered":"<p>Lagoppstillinger for stafett m\u00e5 leveres inn senest kl 11:00 til sekretariatet i Gneist Arena (2 etasje). B\u00e5de MS og KS. Seeding skjer p\u00e5 grunnlag av innlevert lagoppstilling.Startnummer utleveres i Callroom.<\/p>\n","protected":false},"author":1,"featured_media":0,"comment_status":"closed","ping_status":"closed","sticky":false,"template":"","format":"standard","meta":{"nf_dc_page":"","om_disable_all_campaigns":false,"_monsterinsights_skip_tracking":false,"_monsterinsights_sitenote_active":false,"_monsterinsights_sitenote_note":"","_monsterinsights_sitenote_category":0,"footnotes":""},"categories":[7],"tags":[],"class_list":["post-310","post","type-post","status-publish","format-standard","hentry","category-nyheter"],"yoast_head":"<!-- This site is optimized with the Yoast SEO plugin v27.5 - https:\/\/yoast.com\/product\/yoast-seo-wordpress\/ -->\n<title>Lagoppstilling stafett - https:\/\/gneist.org\/innenm2026<\/title>\n<meta name=\"robots\" content=\"index, follow, max-snippet:-1, max-image-preview:large, max-video-preview:-1\" \/>\n<link rel=\"canonical\" href=\"https:\/\/gneist.org\/innenm2026\/lagoppstilling-stafett\/\" \/>\n<meta property=\"og:locale\" content=\"nb_NO\" \/>\n<meta property=\"og:type\" content=\"article\" \/>\n<meta property=\"og:title\" content=\"Lagoppstilling stafett - https:\/\/gneist.org\/innenm2026\" \/>\n<meta property=\"og:description\" content=\"Lagoppstillinger for stafett m\u00e5 leveres inn senest kl 11:00 til sekretariatet i Gneist Arena (2 etasje). B\u00e5de MS og KS. Seeding skjer p\u00e5 grunnlag av innlevert lagoppstilling.Startnummer utleveres i Callroom.\" \/>\n<meta property=\"og:url\" content=\"https:\/\/gneist.org\/innenm2026\/lagoppstilling-stafett\/\" \/>\n<meta property=\"og:site_name\" content=\"https:\/\/gneist.org\/innenm2026\" \/>\n<meta property=\"article:published_time\" content=\"2026-03-01T08:43:40+00:00\" \/>\n<meta property=\"article:modified_time\" content=\"2026-03-23T08:07:18+00:00\" \/>\n<meta property=\"og:image\" content=\"https:\/\/gneist.org\/innenm2026\/wp-content\/uploads\/2026\/03\/1U9A4410.jpg\" \/>\n\t<meta property=\"og:image:width\" content=\"2477\" \/>\n\t<meta property=\"og:image:height\" content=\"2000\" \/>\n\t<meta property=\"og:image:type\" content=\"image\/jpeg\" \/>\n<meta name=\"author\" content=\"FRIIDRETTSKOORDINATOR\" \/>\n<meta name=\"twitter:card\" content=\"summary_large_image\" \/>\n<meta name=\"twitter:label1\" content=\"Skrevet av\" \/>\n\t<meta name=\"twitter:data1\" content=\"FRIIDRETTSKOORDINATOR\" \/>\n\t<meta name=\"twitter:label2\" content=\"Ansl. lesetid\" \/>\n\t<meta name=\"twitter:data2\" content=\"1 minutt\" \/>\n<script type=\"application\/ld+json\" class=\"yoast-schema-graph\">{\"@context\":\"https:\\\/\\\/schema.org\",\"@graph\":[{\"@type\":\"Article\",\"@id\":\"https:\\\/\\\/gneist.org\\\/innenm2026\\\/lagoppstilling-stafett\\\/#article\",\"isPartOf\":{\"@id\":\"https:\\\/\\\/gneist.org\\\/innenm2026\\\/lagoppstilling-stafett\\\/\"},\"author\":{\"name\":\"FRIIDRETTSKOORDINATOR\",\"@id\":\"https:\\\/\\\/gneist.org\\\/innenm2026\\\/#\\\/schema\\\/person\\\/0bdf64e658fbb5d50cf902224d84748f\"},\"headline\":\"Lagoppstilling stafett\",\"datePublished\":\"2026-03-01T08:43:40+00:00\",\"dateModified\":\"2026-03-23T08:07:18+00:00\",\"mainEntityOfPage\":{\"@id\":\"https:\\\/\\\/gneist.org\\\/innenm2026\\\/lagoppstilling-stafett\\\/\"},\"wordCount\":32,\"image\":{\"@id\":\"https:\\\/\\\/gneist.org\\\/innenm2026\\\/lagoppstilling-stafett\\\/#primaryimage\"},\"thumbnailUrl\":\"https:\\\/\\\/gneist.org\\\/innenm2026\\\/wp-content\\\/uploads\\\/2026\\\/03\\\/1U9A4410-1024x827.jpg\",\"articleSection\":[\"Nyheter\"],\"inLanguage\":\"nb-NO\"},{\"@type\":\"WebPage\",\"@id\":\"https:\\\/\\\/gneist.org\\\/innenm2026\\\/lagoppstilling-stafett\\\/\",\"url\":\"https:\\\/\\\/gneist.org\\\/innenm2026\\\/lagoppstilling-stafett\\\/\",\"name\":\"Lagoppstilling stafett - https:\\\/\\\/gneist.org\\\/innenm2026\",\"isPartOf\":{\"@id\":\"https:\\\/\\\/gneist.org\\\/innenm2026\\\/#website\"},\"primaryImageOfPage\":{\"@id\":\"https:\\\/\\\/gneist.org\\\/innenm2026\\\/lagoppstilling-stafett\\\/#primaryimage\"},\"image\":{\"@id\":\"https:\\\/\\\/gneist.org\\\/innenm2026\\\/lagoppstilling-stafett\\\/#primaryimage\"},\"thumbnailUrl\":\"https:\\\/\\\/gneist.org\\\/innenm2026\\\/wp-content\\\/uploads\\\/2026\\\/03\\\/1U9A4410-1024x827.jpg\",\"datePublished\":\"2026-03-01T08:43:40+00:00\",\"dateModified\":\"2026-03-23T08:07:18+00:00\",\"author\":{\"@id\":\"https:\\\/\\\/gneist.org\\\/innenm2026\\\/#\\\/schema\\\/person\\\/0bdf64e658fbb5d50cf902224d84748f\"},\"breadcrumb\":{\"@id\":\"https:\\\/\\\/gneist.org\\\/innenm2026\\\/lagoppstilling-stafett\\\/#breadcrumb\"},\"inLanguage\":\"nb-NO\",\"potentialAction\":[{\"@type\":\"ReadAction\",\"target\":[\"https:\\\/\\\/gneist.org\\\/innenm2026\\\/lagoppstilling-stafett\\\/\"]}]},{\"@type\":\"ImageObject\",\"inLanguage\":\"nb-NO\",\"@id\":\"https:\\\/\\\/gneist.org\\\/innenm2026\\\/lagoppstilling-stafett\\\/#primaryimage\",\"url\":\"https:\\\/\\\/gneist.org\\\/innenm2026\\\/wp-content\\\/uploads\\\/2026\\\/03\\\/1U9A4410.jpg\",\"contentUrl\":\"https:\\\/\\\/gneist.org\\\/innenm2026\\\/wp-content\\\/uploads\\\/2026\\\/03\\\/1U9A4410.jpg\",\"width\":2477,\"height\":2000},{\"@type\":\"BreadcrumbList\",\"@id\":\"https:\\\/\\\/gneist.org\\\/innenm2026\\\/lagoppstilling-stafett\\\/#breadcrumb\",\"itemListElement\":[{\"@type\":\"ListItem\",\"position\":1,\"name\":\"Home\",\"item\":\"https:\\\/\\\/gneist.org\\\/innenm2026\\\/\"},{\"@type\":\"ListItem\",\"position\":2,\"name\":\"Lagoppstilling stafett\"}]},{\"@type\":\"WebSite\",\"@id\":\"https:\\\/\\\/gneist.org\\\/innenm2026\\\/#website\",\"url\":\"https:\\\/\\\/gneist.org\\\/innenm2026\\\/\",\"name\":\"https:\\\/\\\/gneist.org\\\/innenm2026\",\"description\":\"\",\"potentialAction\":[{\"@type\":\"SearchAction\",\"target\":{\"@type\":\"EntryPoint\",\"urlTemplate\":\"https:\\\/\\\/gneist.org\\\/innenm2026\\\/?s={search_term_string}\"},\"query-input\":{\"@type\":\"PropertyValueSpecification\",\"valueRequired\":true,\"valueName\":\"search_term_string\"}}],\"inLanguage\":\"nb-NO\"},{\"@type\":\"Person\",\"@id\":\"https:\\\/\\\/gneist.org\\\/innenm2026\\\/#\\\/schema\\\/person\\\/0bdf64e658fbb5d50cf902224d84748f\",\"name\":\"FRIIDRETTSKOORDINATOR\",\"image\":{\"@type\":\"ImageObject\",\"inLanguage\":\"nb-NO\",\"@id\":\"https:\\\/\\\/secure.gravatar.com\\\/avatar\\\/f987b22951eb87555380896174970f8a287be662413103c4b13aec968fee905b?s=96&d=mm&r=g\",\"url\":\"https:\\\/\\\/secure.gravatar.com\\\/avatar\\\/f987b22951eb87555380896174970f8a287be662413103c4b13aec968fee905b?s=96&d=mm&r=g\",\"contentUrl\":\"https:\\\/\\\/secure.gravatar.com\\\/avatar\\\/f987b22951eb87555380896174970f8a287be662413103c4b13aec968fee905b?s=96&d=mm&r=g\",\"caption\":\"FRIIDRETTSKOORDINATOR\"},\"url\":\"https:\\\/\\\/gneist.org\\\/innenm2026\\\/author\\\/friidrettskoordinator\\\/\"}]}<\/script>\n<!-- \/ Yoast SEO plugin. -->","yoast_head_json":{"title":"Lagoppstilling stafett - https:\/\/gneist.org\/innenm2026","robots":{"index":"index","follow":"follow","max-snippet":"max-snippet:-1","max-image-preview":"max-image-preview:large","max-video-preview":"max-video-preview:-1"},"canonical":"https:\/\/gneist.org\/innenm2026\/lagoppstilling-stafett\/","og_locale":"nb_NO","og_type":"article","og_title":"Lagoppstilling stafett - https:\/\/gneist.org\/innenm2026","og_description":"Lagoppstillinger for stafett m\u00e5 leveres inn senest kl 11:00 til sekretariatet i Gneist Arena (2 etasje). B\u00e5de MS og KS. Seeding skjer p\u00e5 grunnlag av innlevert lagoppstilling.Startnummer utleveres i Callroom.","og_url":"https:\/\/gneist.org\/innenm2026\/lagoppstilling-stafett\/","og_site_name":"https:\/\/gneist.org\/innenm2026","article_published_time":"2026-03-01T08:43:40+00:00","article_modified_time":"2026-03-23T08:07:18+00:00","og_image":[{"width":2477,"height":2000,"url":"https:\/\/gneist.org\/innenm2026\/wp-content\/uploads\/2026\/03\/1U9A4410.jpg","type":"image\/jpeg"}],"author":"FRIIDRETTSKOORDINATOR","twitter_card":"summary_large_image","twitter_misc":{"Skrevet av":"FRIIDRETTSKOORDINATOR","Ansl. lesetid":"1 minutt"},"schema":{"@context":"https:\/\/schema.org","@graph":[{"@type":"Article","@id":"https:\/\/gneist.org\/innenm2026\/lagoppstilling-stafett\/#article","isPartOf":{"@id":"https:\/\/gneist.org\/innenm2026\/lagoppstilling-stafett\/"},"author":{"name":"FRIIDRETTSKOORDINATOR","@id":"https:\/\/gneist.org\/innenm2026\/#\/schema\/person\/0bdf64e658fbb5d50cf902224d84748f"},"headline":"Lagoppstilling stafett","datePublished":"2026-03-01T08:43:40+00:00","dateModified":"2026-03-23T08:07:18+00:00","mainEntityOfPage":{"@id":"https:\/\/gneist.org\/innenm2026\/lagoppstilling-stafett\/"},"wordCount":32,"image":{"@id":"https:\/\/gneist.org\/innenm2026\/lagoppstilling-stafett\/#primaryimage"},"thumbnailUrl":"https:\/\/gneist.org\/innenm2026\/wp-content\/uploads\/2026\/03\/1U9A4410-1024x827.jpg","articleSection":["Nyheter"],"inLanguage":"nb-NO"},{"@type":"WebPage","@id":"https:\/\/gneist.org\/innenm2026\/lagoppstilling-stafett\/","url":"https:\/\/gneist.org\/innenm2026\/lagoppstilling-stafett\/","name":"Lagoppstilling stafett - https:\/\/gneist.org\/innenm2026","isPartOf":{"@id":"https:\/\/gneist.org\/innenm2026\/#website"},"primaryImageOfPage":{"@id":"https:\/\/gneist.org\/innenm2026\/lagoppstilling-stafett\/#primaryimage"},"image":{"@id":"https:\/\/gneist.org\/innenm2026\/lagoppstilling-stafett\/#primaryimage"},"thumbnailUrl":"https:\/\/gneist.org\/innenm2026\/wp-content\/uploads\/2026\/03\/1U9A4410-1024x827.jpg","datePublished":"2026-03-01T08:43:40+00:00","dateModified":"2026-03-23T08:07:18+00:00","author":{"@id":"https:\/\/gneist.org\/innenm2026\/#\/schema\/person\/0bdf64e658fbb5d50cf902224d84748f"},"breadcrumb":{"@id":"https:\/\/gneist.org\/innenm2026\/lagoppstilling-stafett\/#breadcrumb"},"inLanguage":"nb-NO","potentialAction":[{"@type":"ReadAction","target":["https:\/\/gneist.org\/innenm2026\/lagoppstilling-stafett\/"]}]},{"@type":"ImageObject","inLanguage":"nb-NO","@id":"https:\/\/gneist.org\/innenm2026\/lagoppstilling-stafett\/#primaryimage","url":"https:\/\/gneist.org\/innenm2026\/wp-content\/uploads\/2026\/03\/1U9A4410.jpg","contentUrl":"https:\/\/gneist.org\/innenm2026\/wp-content\/uploads\/2026\/03\/1U9A4410.jpg","width":2477,"height":2000},{"@type":"BreadcrumbList","@id":"https:\/\/gneist.org\/innenm2026\/lagoppstilling-stafett\/#breadcrumb","itemListElement":[{"@type":"ListItem","position":1,"name":"Home","item":"https:\/\/gneist.org\/innenm2026\/"},{"@type":"ListItem","position":2,"name":"Lagoppstilling stafett"}]},{"@type":"WebSite","@id":"https:\/\/gneist.org\/innenm2026\/#website","url":"https:\/\/gneist.org\/innenm2026\/","name":"https:\/\/gneist.org\/innenm2026","description":"","potentialAction":[{"@type":"SearchAction","target":{"@type":"EntryPoint","urlTemplate":"https:\/\/gneist.org\/innenm2026\/?s={search_term_string}"},"query-input":{"@type":"PropertyValueSpecification","valueRequired":true,"valueName":"search_term_string"}}],"inLanguage":"nb-NO"},{"@type":"Person","@id":"https:\/\/gneist.org\/innenm2026\/#\/schema\/person\/0bdf64e658fbb5d50cf902224d84748f","name":"FRIIDRETTSKOORDINATOR","image":{"@type":"ImageObject","inLanguage":"nb-NO","@id":"https:\/\/secure.gravatar.com\/avatar\/f987b22951eb87555380896174970f8a287be662413103c4b13aec968fee905b?s=96&d=mm&r=g","url":"https:\/\/secure.gravatar.com\/avatar\/f987b22951eb87555380896174970f8a287be662413103c4b13aec968fee905b?s=96&d=mm&r=g","contentUrl":"https:\/\/secure.gravatar.com\/avatar\/f987b22951eb87555380896174970f8a287be662413103c4b13aec968fee905b?s=96&d=mm&r=g","caption":"FRIIDRETTSKOORDINATOR"},"url":"https:\/\/gneist.org\/innenm2026\/author\/friidrettskoordinator\/"}]}},"jetpack_featured_media_url":"","_links":{"self":[{"href":"https:\/\/gneist.org\/innenm2026\/wp-json\/wp\/v2\/posts\/310","targetHints":{"allow":["GET"]}}],"collection":[{"href":"https:\/\/gneist.org\/innenm2026\/wp-json\/wp\/v2\/posts"}],"about":[{"href":"https:\/\/gneist.org\/innenm2026\/wp-json\/wp\/v2\/types\/post"}],"author":[{"embeddable":true,"href":"https:\/\/gneist.org\/innenm2026\/wp-json\/wp\/v2\/users\/1"}],"replies":[{"embeddable":true,"href":"https:\/\/gneist.org\/innenm2026\/wp-json\/wp\/v2\/comments?post=310"}],"version-history":[{"count":4,"href":"https:\/\/gneist.org\/innenm2026\/wp-json\/wp\/v2\/posts\/310\/revisions"}],"predecessor-version":[{"id":319,"href":"https:\/\/gneist.org\/innenm2026\/wp-json\/wp\/v2\/posts\/310\/revisions\/319"}],"wp:attachment":[{"href":"https:\/\/gneist.org\/innenm2026\/wp-json\/wp\/v2\/media?parent=310"}],"wp:term":[{"taxonomy":"category","embeddable":true,"href":"https:\/\/gneist.org\/innenm2026\/wp-json\/wp\/v2\/categories?post=310"},{"taxonomy":"post_tag","embeddable":true,"href":"https:\/\/gneist.org\/innenm2026\/wp-json\/wp\/v2\/tags?post=310"}],"curies":[{"name":"wp","href":"https:\/\/api.w.org\/{rel}","templated":true}]}}