{"id":56,"date":"2025-09-13T20:15:22","date_gmt":"2025-09-13T20:15:22","guid":{"rendered":"https:\/\/gneist.org\/innenm2026\/?p=56"},"modified":"2025-09-13T20:35:06","modified_gmt":"2025-09-13T20:35:06","slug":"quality-hotel-edvard-grieg-blir-deltagerhotell","status":"publish","type":"post","link":"https:\/\/gneist.org\/innenm2026\/quality-hotel-edvard-grieg-blir-deltagerhotell\/","title":{"rendered":"Quality hotel Edvard Grieg blir deltagerhotell"},"content":{"rendered":"\n<figure class=\"wp-block-image size-full\"><img decoding=\"async\" width=\"1024\" height=\"683\" loading=\"lazy\" src=\"https:\/\/gneist.org\/innenm2026\/wp-content\/uploads\/2025\/09\/hotelfront-facade-summer-quality-hotel-edvard-grieg_1500-1024x683-1.jpg\" alt=\"\" class=\"wp-image-58\" srcset=\"https:\/\/gneist.org\/innenm2026\/wp-content\/uploads\/2025\/09\/hotelfront-facade-summer-quality-hotel-edvard-grieg_1500-1024x683-1.jpg 1024w, https:\/\/gneist.org\/innenm2026\/wp-content\/uploads\/2025\/09\/hotelfront-facade-summer-quality-hotel-edvard-grieg_1500-1024x683-1-300x200.jpg 300w, https:\/\/gneist.org\/innenm2026\/wp-content\/uploads\/2025\/09\/hotelfront-facade-summer-quality-hotel-edvard-grieg_1500-1024x683-1-768x512.jpg 768w\" sizes=\"auto, (max-width: 1024px) 100vw, 1024px\" \/><\/figure>\n\n\n\n<p class=\"\">I likhet med junior-NM, blir Quality hotel Edvard Grieg deltagerhotell under neste \u00e5rs inne-NM. Bestilling gj\u00f8res direkte til hotellet og vi har f\u00e5tt meget gode priser.<br><br><strong>Priser:<\/strong><br>Singelrom kr 1240 per rom per natt<br>Dobbeltrom kr 1440 per rom per natt<br>Trippelrom kr 1740 per rom per natt<br>Firsengsrom kr 2040 per rom per natt<\/p>\n\n\n\n<p class=\"\">Mer info ligger under fanen overnatting<\/p>\n","protected":false},"excerpt":{"rendered":"<p>I likhet med junior-NM, blir Quality hotel Edvard Grieg deltagerhotell under neste \u00e5rs inne-NM. Bestilling gj\u00f8res direkte til hotellet og vi har f\u00e5tt meget gode priser.Priser:Singelrom kr 1240 per rom per nattDobbeltrom kr 1440 per rom per nattTrippelrom kr 1740 per rom per nattFirsengsrom kr 2040 per rom per natt Mer info ligger under fanen&#8230;<\/p>\n<div class=\"read-more\"><a href=\"https:\/\/gneist.org\/innenm2026\/quality-hotel-edvard-grieg-blir-deltagerhotell\/\">Read More<\/a><\/div>\n","protected":false},"author":1,"featured_media":0,"comment_status":"closed","ping_status":"closed","sticky":false,"template":"","format":"standard","meta":{"nf_dc_page":"","om_disable_all_campaigns":false,"_monsterinsights_skip_tracking":false,"_monsterinsights_sitenote_active":false,"_monsterinsights_sitenote_note":"","_monsterinsights_sitenote_category":0,"footnotes":""},"categories":[7],"tags":[],"class_list":["post-56","post","type-post","status-publish","format-standard","hentry","category-nyheter"],"yoast_head":"<!-- This site is optimized with the Yoast SEO plugin v27.5 - https:\/\/yoast.com\/product\/yoast-seo-wordpress\/ -->\n<title>Quality hotel Edvard Grieg blir deltagerhotell - https:\/\/gneist.org\/innenm2026<\/title>\n<meta name=\"robots\" content=\"index, follow, max-snippet:-1, max-image-preview:large, max-video-preview:-1\" \/>\n<link rel=\"canonical\" href=\"https:\/\/gneist.org\/innenm2026\/quality-hotel-edvard-grieg-blir-deltagerhotell\/\" \/>\n<meta property=\"og:locale\" content=\"nb_NO\" \/>\n<meta property=\"og:type\" content=\"article\" \/>\n<meta property=\"og:title\" content=\"Quality hotel Edvard Grieg blir deltagerhotell - https:\/\/gneist.org\/innenm2026\" \/>\n<meta property=\"og:description\" content=\"I likhet med junior-NM, blir Quality hotel Edvard Grieg deltagerhotell under neste \u00e5rs inne-NM. Bestilling gj\u00f8res direkte til hotellet og vi har f\u00e5tt meget gode priser.Priser:Singelrom kr 1240 per rom per nattDobbeltrom kr 1440 per rom per nattTrippelrom kr 1740 per rom per nattFirsengsrom kr 2040 per rom per natt Mer info ligger under fanen...Read More\" \/>\n<meta property=\"og:url\" content=\"https:\/\/gneist.org\/innenm2026\/quality-hotel-edvard-grieg-blir-deltagerhotell\/\" \/>\n<meta property=\"og:site_name\" content=\"https:\/\/gneist.org\/innenm2026\" \/>\n<meta property=\"article:published_time\" content=\"2025-09-13T20:15:22+00:00\" \/>\n<meta property=\"article:modified_time\" content=\"2025-09-13T20:35:06+00:00\" \/>\n<meta property=\"og:image\" content=\"https:\/\/gneist.org\/innenm2026\/wp-content\/uploads\/2025\/09\/hotelfront-facade-summer-quality-hotel-edvard-grieg_1500-1024x683-1.jpg\" \/>\n<meta name=\"author\" content=\"FRIIDRETTSKOORDINATOR\" \/>\n<meta name=\"twitter:card\" content=\"summary_large_image\" \/>\n<meta name=\"twitter:label1\" content=\"Skrevet av\" \/>\n\t<meta name=\"twitter:data1\" content=\"FRIIDRETTSKOORDINATOR\" \/>\n\t<meta name=\"twitter:label2\" content=\"Ansl. lesetid\" \/>\n\t<meta name=\"twitter:data2\" content=\"1 minutt\" \/>\n<script type=\"application\/ld+json\" class=\"yoast-schema-graph\">{\"@context\":\"https:\\\/\\\/schema.org\",\"@graph\":[{\"@type\":\"Article\",\"@id\":\"https:\\\/\\\/gneist.org\\\/innenm2026\\\/quality-hotel-edvard-grieg-blir-deltagerhotell\\\/#article\",\"isPartOf\":{\"@id\":\"https:\\\/\\\/gneist.org\\\/innenm2026\\\/quality-hotel-edvard-grieg-blir-deltagerhotell\\\/\"},\"author\":{\"name\":\"FRIIDRETTSKOORDINATOR\",\"@id\":\"https:\\\/\\\/gneist.org\\\/innenm2026\\\/#\\\/schema\\\/person\\\/0bdf64e658fbb5d50cf902224d84748f\"},\"headline\":\"Quality hotel Edvard Grieg blir deltagerhotell\",\"datePublished\":\"2025-09-13T20:15:22+00:00\",\"dateModified\":\"2025-09-13T20:35:06+00:00\",\"mainEntityOfPage\":{\"@id\":\"https:\\\/\\\/gneist.org\\\/innenm2026\\\/quality-hotel-edvard-grieg-blir-deltagerhotell\\\/\"},\"wordCount\":62,\"image\":{\"@id\":\"https:\\\/\\\/gneist.org\\\/innenm2026\\\/quality-hotel-edvard-grieg-blir-deltagerhotell\\\/#primaryimage\"},\"thumbnailUrl\":\"https:\\\/\\\/gneist.org\\\/innenm2026\\\/wp-content\\\/uploads\\\/2025\\\/09\\\/hotelfront-facade-summer-quality-hotel-edvard-grieg_1500-1024x683-1.jpg\",\"articleSection\":[\"Nyheter\"],\"inLanguage\":\"nb-NO\"},{\"@type\":\"WebPage\",\"@id\":\"https:\\\/\\\/gneist.org\\\/innenm2026\\\/quality-hotel-edvard-grieg-blir-deltagerhotell\\\/\",\"url\":\"https:\\\/\\\/gneist.org\\\/innenm2026\\\/quality-hotel-edvard-grieg-blir-deltagerhotell\\\/\",\"name\":\"Quality hotel Edvard Grieg blir deltagerhotell - https:\\\/\\\/gneist.org\\\/innenm2026\",\"isPartOf\":{\"@id\":\"https:\\\/\\\/gneist.org\\\/innenm2026\\\/#website\"},\"primaryImageOfPage\":{\"@id\":\"https:\\\/\\\/gneist.org\\\/innenm2026\\\/quality-hotel-edvard-grieg-blir-deltagerhotell\\\/#primaryimage\"},\"image\":{\"@id\":\"https:\\\/\\\/gneist.org\\\/innenm2026\\\/quality-hotel-edvard-grieg-blir-deltagerhotell\\\/#primaryimage\"},\"thumbnailUrl\":\"https:\\\/\\\/gneist.org\\\/innenm2026\\\/wp-content\\\/uploads\\\/2025\\\/09\\\/hotelfront-facade-summer-quality-hotel-edvard-grieg_1500-1024x683-1.jpg\",\"datePublished\":\"2025-09-13T20:15:22+00:00\",\"dateModified\":\"2025-09-13T20:35:06+00:00\",\"author\":{\"@id\":\"https:\\\/\\\/gneist.org\\\/innenm2026\\\/#\\\/schema\\\/person\\\/0bdf64e658fbb5d50cf902224d84748f\"},\"breadcrumb\":{\"@id\":\"https:\\\/\\\/gneist.org\\\/innenm2026\\\/quality-hotel-edvard-grieg-blir-deltagerhotell\\\/#breadcrumb\"},\"inLanguage\":\"nb-NO\",\"potentialAction\":[{\"@type\":\"ReadAction\",\"target\":[\"https:\\\/\\\/gneist.org\\\/innenm2026\\\/quality-hotel-edvard-grieg-blir-deltagerhotell\\\/\"]}]},{\"@type\":\"ImageObject\",\"inLanguage\":\"nb-NO\",\"@id\":\"https:\\\/\\\/gneist.org\\\/innenm2026\\\/quality-hotel-edvard-grieg-blir-deltagerhotell\\\/#primaryimage\",\"url\":\"https:\\\/\\\/gneist.org\\\/innenm2026\\\/wp-content\\\/uploads\\\/2025\\\/09\\\/hotelfront-facade-summer-quality-hotel-edvard-grieg_1500-1024x683-1.jpg\",\"contentUrl\":\"https:\\\/\\\/gneist.org\\\/innenm2026\\\/wp-content\\\/uploads\\\/2025\\\/09\\\/hotelfront-facade-summer-quality-hotel-edvard-grieg_1500-1024x683-1.jpg\",\"width\":1024,\"height\":683},{\"@type\":\"BreadcrumbList\",\"@id\":\"https:\\\/\\\/gneist.org\\\/innenm2026\\\/quality-hotel-edvard-grieg-blir-deltagerhotell\\\/#breadcrumb\",\"itemListElement\":[{\"@type\":\"ListItem\",\"position\":1,\"name\":\"Home\",\"item\":\"https:\\\/\\\/gneist.org\\\/innenm2026\\\/\"},{\"@type\":\"ListItem\",\"position\":2,\"name\":\"Quality hotel Edvard Grieg blir deltagerhotell\"}]},{\"@type\":\"WebSite\",\"@id\":\"https:\\\/\\\/gneist.org\\\/innenm2026\\\/#website\",\"url\":\"https:\\\/\\\/gneist.org\\\/innenm2026\\\/\",\"name\":\"https:\\\/\\\/gneist.org\\\/innenm2026\",\"description\":\"\",\"potentialAction\":[{\"@type\":\"SearchAction\",\"target\":{\"@type\":\"EntryPoint\",\"urlTemplate\":\"https:\\\/\\\/gneist.org\\\/innenm2026\\\/?s={search_term_string}\"},\"query-input\":{\"@type\":\"PropertyValueSpecification\",\"valueRequired\":true,\"valueName\":\"search_term_string\"}}],\"inLanguage\":\"nb-NO\"},{\"@type\":\"Person\",\"@id\":\"https:\\\/\\\/gneist.org\\\/innenm2026\\\/#\\\/schema\\\/person\\\/0bdf64e658fbb5d50cf902224d84748f\",\"name\":\"FRIIDRETTSKOORDINATOR\",\"image\":{\"@type\":\"ImageObject\",\"inLanguage\":\"nb-NO\",\"@id\":\"https:\\\/\\\/secure.gravatar.com\\\/avatar\\\/f987b22951eb87555380896174970f8a287be662413103c4b13aec968fee905b?s=96&d=mm&r=g\",\"url\":\"https:\\\/\\\/secure.gravatar.com\\\/avatar\\\/f987b22951eb87555380896174970f8a287be662413103c4b13aec968fee905b?s=96&d=mm&r=g\",\"contentUrl\":\"https:\\\/\\\/secure.gravatar.com\\\/avatar\\\/f987b22951eb87555380896174970f8a287be662413103c4b13aec968fee905b?s=96&d=mm&r=g\",\"caption\":\"FRIIDRETTSKOORDINATOR\"},\"url\":\"https:\\\/\\\/gneist.org\\\/innenm2026\\\/author\\\/friidrettskoordinator\\\/\"}]}<\/script>\n<!-- \/ Yoast SEO plugin. -->","yoast_head_json":{"title":"Quality hotel Edvard Grieg blir deltagerhotell - https:\/\/gneist.org\/innenm2026","robots":{"index":"index","follow":"follow","max-snippet":"max-snippet:-1","max-image-preview":"max-image-preview:large","max-video-preview":"max-video-preview:-1"},"canonical":"https:\/\/gneist.org\/innenm2026\/quality-hotel-edvard-grieg-blir-deltagerhotell\/","og_locale":"nb_NO","og_type":"article","og_title":"Quality hotel Edvard Grieg blir deltagerhotell - https:\/\/gneist.org\/innenm2026","og_description":"I likhet med junior-NM, blir Quality hotel Edvard Grieg deltagerhotell under neste \u00e5rs inne-NM. Bestilling gj\u00f8res direkte til hotellet og vi har f\u00e5tt meget gode priser.Priser:Singelrom kr 1240 per rom per nattDobbeltrom kr 1440 per rom per nattTrippelrom kr 1740 per rom per nattFirsengsrom kr 2040 per rom per natt Mer info ligger under fanen...Read More","og_url":"https:\/\/gneist.org\/innenm2026\/quality-hotel-edvard-grieg-blir-deltagerhotell\/","og_site_name":"https:\/\/gneist.org\/innenm2026","article_published_time":"2025-09-13T20:15:22+00:00","article_modified_time":"2025-09-13T20:35:06+00:00","og_image":[{"url":"https:\/\/gneist.org\/innenm2026\/wp-content\/uploads\/2025\/09\/hotelfront-facade-summer-quality-hotel-edvard-grieg_1500-1024x683-1.jpg","type":"","width":"","height":""}],"author":"FRIIDRETTSKOORDINATOR","twitter_card":"summary_large_image","twitter_misc":{"Skrevet av":"FRIIDRETTSKOORDINATOR","Ansl. lesetid":"1 minutt"},"schema":{"@context":"https:\/\/schema.org","@graph":[{"@type":"Article","@id":"https:\/\/gneist.org\/innenm2026\/quality-hotel-edvard-grieg-blir-deltagerhotell\/#article","isPartOf":{"@id":"https:\/\/gneist.org\/innenm2026\/quality-hotel-edvard-grieg-blir-deltagerhotell\/"},"author":{"name":"FRIIDRETTSKOORDINATOR","@id":"https:\/\/gneist.org\/innenm2026\/#\/schema\/person\/0bdf64e658fbb5d50cf902224d84748f"},"headline":"Quality hotel Edvard Grieg blir deltagerhotell","datePublished":"2025-09-13T20:15:22+00:00","dateModified":"2025-09-13T20:35:06+00:00","mainEntityOfPage":{"@id":"https:\/\/gneist.org\/innenm2026\/quality-hotel-edvard-grieg-blir-deltagerhotell\/"},"wordCount":62,"image":{"@id":"https:\/\/gneist.org\/innenm2026\/quality-hotel-edvard-grieg-blir-deltagerhotell\/#primaryimage"},"thumbnailUrl":"https:\/\/gneist.org\/innenm2026\/wp-content\/uploads\/2025\/09\/hotelfront-facade-summer-quality-hotel-edvard-grieg_1500-1024x683-1.jpg","articleSection":["Nyheter"],"inLanguage":"nb-NO"},{"@type":"WebPage","@id":"https:\/\/gneist.org\/innenm2026\/quality-hotel-edvard-grieg-blir-deltagerhotell\/","url":"https:\/\/gneist.org\/innenm2026\/quality-hotel-edvard-grieg-blir-deltagerhotell\/","name":"Quality hotel Edvard Grieg blir deltagerhotell - https:\/\/gneist.org\/innenm2026","isPartOf":{"@id":"https:\/\/gneist.org\/innenm2026\/#website"},"primaryImageOfPage":{"@id":"https:\/\/gneist.org\/innenm2026\/quality-hotel-edvard-grieg-blir-deltagerhotell\/#primaryimage"},"image":{"@id":"https:\/\/gneist.org\/innenm2026\/quality-hotel-edvard-grieg-blir-deltagerhotell\/#primaryimage"},"thumbnailUrl":"https:\/\/gneist.org\/innenm2026\/wp-content\/uploads\/2025\/09\/hotelfront-facade-summer-quality-hotel-edvard-grieg_1500-1024x683-1.jpg","datePublished":"2025-09-13T20:15:22+00:00","dateModified":"2025-09-13T20:35:06+00:00","author":{"@id":"https:\/\/gneist.org\/innenm2026\/#\/schema\/person\/0bdf64e658fbb5d50cf902224d84748f"},"breadcrumb":{"@id":"https:\/\/gneist.org\/innenm2026\/quality-hotel-edvard-grieg-blir-deltagerhotell\/#breadcrumb"},"inLanguage":"nb-NO","potentialAction":[{"@type":"ReadAction","target":["https:\/\/gneist.org\/innenm2026\/quality-hotel-edvard-grieg-blir-deltagerhotell\/"]}]},{"@type":"ImageObject","inLanguage":"nb-NO","@id":"https:\/\/gneist.org\/innenm2026\/quality-hotel-edvard-grieg-blir-deltagerhotell\/#primaryimage","url":"https:\/\/gneist.org\/innenm2026\/wp-content\/uploads\/2025\/09\/hotelfront-facade-summer-quality-hotel-edvard-grieg_1500-1024x683-1.jpg","contentUrl":"https:\/\/gneist.org\/innenm2026\/wp-content\/uploads\/2025\/09\/hotelfront-facade-summer-quality-hotel-edvard-grieg_1500-1024x683-1.jpg","width":1024,"height":683},{"@type":"BreadcrumbList","@id":"https:\/\/gneist.org\/innenm2026\/quality-hotel-edvard-grieg-blir-deltagerhotell\/#breadcrumb","itemListElement":[{"@type":"ListItem","position":1,"name":"Home","item":"https:\/\/gneist.org\/innenm2026\/"},{"@type":"ListItem","position":2,"name":"Quality hotel Edvard Grieg blir deltagerhotell"}]},{"@type":"WebSite","@id":"https:\/\/gneist.org\/innenm2026\/#website","url":"https:\/\/gneist.org\/innenm2026\/","name":"https:\/\/gneist.org\/innenm2026","description":"","potentialAction":[{"@type":"SearchAction","target":{"@type":"EntryPoint","urlTemplate":"https:\/\/gneist.org\/innenm2026\/?s={search_term_string}"},"query-input":{"@type":"PropertyValueSpecification","valueRequired":true,"valueName":"search_term_string"}}],"inLanguage":"nb-NO"},{"@type":"Person","@id":"https:\/\/gneist.org\/innenm2026\/#\/schema\/person\/0bdf64e658fbb5d50cf902224d84748f","name":"FRIIDRETTSKOORDINATOR","image":{"@type":"ImageObject","inLanguage":"nb-NO","@id":"https:\/\/secure.gravatar.com\/avatar\/f987b22951eb87555380896174970f8a287be662413103c4b13aec968fee905b?s=96&d=mm&r=g","url":"https:\/\/secure.gravatar.com\/avatar\/f987b22951eb87555380896174970f8a287be662413103c4b13aec968fee905b?s=96&d=mm&r=g","contentUrl":"https:\/\/secure.gravatar.com\/avatar\/f987b22951eb87555380896174970f8a287be662413103c4b13aec968fee905b?s=96&d=mm&r=g","caption":"FRIIDRETTSKOORDINATOR"},"url":"https:\/\/gneist.org\/innenm2026\/author\/friidrettskoordinator\/"}]}},"jetpack_featured_media_url":"","_links":{"self":[{"href":"https:\/\/gneist.org\/innenm2026\/wp-json\/wp\/v2\/posts\/56","targetHints":{"allow":["GET"]}}],"collection":[{"href":"https:\/\/gneist.org\/innenm2026\/wp-json\/wp\/v2\/posts"}],"about":[{"href":"https:\/\/gneist.org\/innenm2026\/wp-json\/wp\/v2\/types\/post"}],"author":[{"embeddable":true,"href":"https:\/\/gneist.org\/innenm2026\/wp-json\/wp\/v2\/users\/1"}],"replies":[{"embeddable":true,"href":"https:\/\/gneist.org\/innenm2026\/wp-json\/wp\/v2\/comments?post=56"}],"version-history":[{"count":2,"href":"https:\/\/gneist.org\/innenm2026\/wp-json\/wp\/v2\/posts\/56\/revisions"}],"predecessor-version":[{"id":63,"href":"https:\/\/gneist.org\/innenm2026\/wp-json\/wp\/v2\/posts\/56\/revisions\/63"}],"wp:attachment":[{"href":"https:\/\/gneist.org\/innenm2026\/wp-json\/wp\/v2\/media?parent=56"}],"wp:term":[{"taxonomy":"category","embeddable":true,"href":"https:\/\/gneist.org\/innenm2026\/wp-json\/wp\/v2\/categories?post=56"},{"taxonomy":"post_tag","embeddable":true,"href":"https:\/\/gneist.org\/innenm2026\/wp-json\/wp\/v2\/tags?post=56"}],"curies":[{"name":"wp","href":"https:\/\/api.w.org\/{rel}","templated":true}]}}