{"id":98,"date":"2026-01-02T14:07:31","date_gmt":"2026-01-02T14:07:31","guid":{"rendered":"https:\/\/gneist.org\/innenm2026\/?p=98"},"modified":"2026-01-02T14:27:59","modified_gmt":"2026-01-02T14:27:59","slug":"pamelding-apnet","status":"publish","type":"post","link":"https:\/\/gneist.org\/innenm2026\/pamelding-apnet\/","title":{"rendered":"P\u00e5melding \u00e5pnet"},"content":{"rendered":"\n<figure class=\"wp-block-image size-full\"><img decoding=\"async\" loading=\"lazy\" src=\"https:\/\/gneist.org\/innenm2026\/wp-content\/uploads\/2026\/01\/A7401180-1.jpg\" alt=\"juniorNM\" class=\"wp-image-99\"\/><figcaption class=\"wp-element-caption\">Martin Mjelde under aksjon p\u00e5 fjor\u00e5rets junior-NM arrangert av IL Gneist<\/figcaption><\/figure>\n\n\n\n<p class=\"\"> Vi har n\u00e5 \u00e5pnet p\u00e5melding for \u00e5rets inne-NM som g\u00e5r i v\u00e5r flotte, nye Gneist Arena. Klikk p\u00e5 link under eller g\u00e5 til arkfanen p\u00e5melding for mer info.<br><br><strong><a href=\"https:\/\/isonen.no\/event\/cmjhleb9a02sdea016be8v7ax\/\">P\u00e5melding inne-NM 2026<\/a><\/strong><\/p>\n","protected":false},"excerpt":{"rendered":"<p>Martin Mjelde under aksjon p\u00e5 fjor\u00e5rets junior-NM arrangert av IL Gneist Vi har n\u00e5 \u00e5pnet p\u00e5melding for \u00e5rets inne-NM som g\u00e5r i v\u00e5r flotte, nye Gneist Arena. Klikk p\u00e5 link under eller g\u00e5 til arkfanen p\u00e5melding for mer info.P\u00e5melding inne-NM 2026<\/p>\n","protected":false},"author":1,"featured_media":0,"comment_status":"closed","ping_status":"closed","sticky":false,"template":"","format":"standard","meta":{"nf_dc_page":"","om_disable_all_campaigns":false,"_monsterinsights_skip_tracking":false,"_monsterinsights_sitenote_active":false,"_monsterinsights_sitenote_note":"","_monsterinsights_sitenote_category":0,"footnotes":""},"categories":[7],"tags":[],"class_list":["post-98","post","type-post","status-publish","format-standard","hentry","category-nyheter"],"yoast_head":"<!-- This site is optimized with the Yoast SEO plugin v27.5 - https:\/\/yoast.com\/product\/yoast-seo-wordpress\/ -->\n<title>P\u00e5melding \u00e5pnet - https:\/\/gneist.org\/innenm2026<\/title>\n<meta name=\"robots\" content=\"index, follow, max-snippet:-1, max-image-preview:large, max-video-preview:-1\" \/>\n<link rel=\"canonical\" href=\"https:\/\/gneist.org\/innenm2026\/pamelding-apnet\/\" \/>\n<meta property=\"og:locale\" content=\"nb_NO\" \/>\n<meta property=\"og:type\" content=\"article\" \/>\n<meta property=\"og:title\" content=\"P\u00e5melding \u00e5pnet - https:\/\/gneist.org\/innenm2026\" \/>\n<meta property=\"og:description\" content=\"Martin Mjelde under aksjon p\u00e5 fjor\u00e5rets junior-NM arrangert av IL Gneist Vi har n\u00e5 \u00e5pnet p\u00e5melding for \u00e5rets inne-NM som g\u00e5r i v\u00e5r flotte, nye Gneist Arena. Klikk p\u00e5 link under eller g\u00e5 til arkfanen p\u00e5melding for mer info.P\u00e5melding inne-NM 2026\" \/>\n<meta property=\"og:url\" content=\"https:\/\/gneist.org\/innenm2026\/pamelding-apnet\/\" \/>\n<meta property=\"og:site_name\" content=\"https:\/\/gneist.org\/innenm2026\" \/>\n<meta property=\"article:published_time\" content=\"2026-01-02T14:07:31+00:00\" \/>\n<meta property=\"article:modified_time\" content=\"2026-01-02T14:27:59+00:00\" \/>\n<meta property=\"og:image\" content=\"https:\/\/gneist.org\/innenm2026\/wp-content\/uploads\/2026\/01\/A7401180-1.jpg\" \/>\n\t<meta property=\"og:image:width\" content=\"1\" \/>\n\t<meta property=\"og:image:height\" content=\"1\" \/>\n\t<meta property=\"og:image:type\" content=\"image\/jpeg\" \/>\n<meta name=\"author\" content=\"FRIIDRETTSKOORDINATOR\" \/>\n<meta name=\"twitter:card\" content=\"summary_large_image\" \/>\n<meta name=\"twitter:label1\" content=\"Skrevet av\" \/>\n\t<meta name=\"twitter:data1\" content=\"FRIIDRETTSKOORDINATOR\" \/>\n\t<meta name=\"twitter:label2\" content=\"Ansl. lesetid\" \/>\n\t<meta name=\"twitter:data2\" content=\"1 minutt\" \/>\n<script type=\"application\/ld+json\" class=\"yoast-schema-graph\">{\"@context\":\"https:\\\/\\\/schema.org\",\"@graph\":[{\"@type\":\"Article\",\"@id\":\"https:\\\/\\\/gneist.org\\\/innenm2026\\\/pamelding-apnet\\\/#article\",\"isPartOf\":{\"@id\":\"https:\\\/\\\/gneist.org\\\/innenm2026\\\/pamelding-apnet\\\/\"},\"author\":{\"name\":\"FRIIDRETTSKOORDINATOR\",\"@id\":\"https:\\\/\\\/gneist.org\\\/innenm2026\\\/#\\\/schema\\\/person\\\/0bdf64e658fbb5d50cf902224d84748f\"},\"headline\":\"P\u00e5melding \u00e5pnet\",\"datePublished\":\"2026-01-02T14:07:31+00:00\",\"dateModified\":\"2026-01-02T14:27:59+00:00\",\"mainEntityOfPage\":{\"@id\":\"https:\\\/\\\/gneist.org\\\/innenm2026\\\/pamelding-apnet\\\/\"},\"wordCount\":50,\"image\":{\"@id\":\"https:\\\/\\\/gneist.org\\\/innenm2026\\\/pamelding-apnet\\\/#primaryimage\"},\"thumbnailUrl\":\"https:\\\/\\\/gneist.org\\\/innenm2026\\\/wp-content\\\/uploads\\\/2026\\\/01\\\/A7401180-1.jpg\",\"articleSection\":[\"Nyheter\"],\"inLanguage\":\"nb-NO\"},{\"@type\":\"WebPage\",\"@id\":\"https:\\\/\\\/gneist.org\\\/innenm2026\\\/pamelding-apnet\\\/\",\"url\":\"https:\\\/\\\/gneist.org\\\/innenm2026\\\/pamelding-apnet\\\/\",\"name\":\"P\u00e5melding \u00e5pnet - https:\\\/\\\/gneist.org\\\/innenm2026\",\"isPartOf\":{\"@id\":\"https:\\\/\\\/gneist.org\\\/innenm2026\\\/#website\"},\"primaryImageOfPage\":{\"@id\":\"https:\\\/\\\/gneist.org\\\/innenm2026\\\/pamelding-apnet\\\/#primaryimage\"},\"image\":{\"@id\":\"https:\\\/\\\/gneist.org\\\/innenm2026\\\/pamelding-apnet\\\/#primaryimage\"},\"thumbnailUrl\":\"https:\\\/\\\/gneist.org\\\/innenm2026\\\/wp-content\\\/uploads\\\/2026\\\/01\\\/A7401180-1.jpg\",\"datePublished\":\"2026-01-02T14:07:31+00:00\",\"dateModified\":\"2026-01-02T14:27:59+00:00\",\"author\":{\"@id\":\"https:\\\/\\\/gneist.org\\\/innenm2026\\\/#\\\/schema\\\/person\\\/0bdf64e658fbb5d50cf902224d84748f\"},\"breadcrumb\":{\"@id\":\"https:\\\/\\\/gneist.org\\\/innenm2026\\\/pamelding-apnet\\\/#breadcrumb\"},\"inLanguage\":\"nb-NO\",\"potentialAction\":[{\"@type\":\"ReadAction\",\"target\":[\"https:\\\/\\\/gneist.org\\\/innenm2026\\\/pamelding-apnet\\\/\"]}]},{\"@type\":\"ImageObject\",\"inLanguage\":\"nb-NO\",\"@id\":\"https:\\\/\\\/gneist.org\\\/innenm2026\\\/pamelding-apnet\\\/#primaryimage\",\"url\":\"https:\\\/\\\/gneist.org\\\/innenm2026\\\/wp-content\\\/uploads\\\/2026\\\/01\\\/A7401180-1.jpg\",\"contentUrl\":\"https:\\\/\\\/gneist.org\\\/innenm2026\\\/wp-content\\\/uploads\\\/2026\\\/01\\\/A7401180-1.jpg\",\"caption\":\"JuniorNM\"},{\"@type\":\"BreadcrumbList\",\"@id\":\"https:\\\/\\\/gneist.org\\\/innenm2026\\\/pamelding-apnet\\\/#breadcrumb\",\"itemListElement\":[{\"@type\":\"ListItem\",\"position\":1,\"name\":\"Home\",\"item\":\"https:\\\/\\\/gneist.org\\\/innenm2026\\\/\"},{\"@type\":\"ListItem\",\"position\":2,\"name\":\"P\u00e5melding \u00e5pnet\"}]},{\"@type\":\"WebSite\",\"@id\":\"https:\\\/\\\/gneist.org\\\/innenm2026\\\/#website\",\"url\":\"https:\\\/\\\/gneist.org\\\/innenm2026\\\/\",\"name\":\"https:\\\/\\\/gneist.org\\\/innenm2026\",\"description\":\"\",\"potentialAction\":[{\"@type\":\"SearchAction\",\"target\":{\"@type\":\"EntryPoint\",\"urlTemplate\":\"https:\\\/\\\/gneist.org\\\/innenm2026\\\/?s={search_term_string}\"},\"query-input\":{\"@type\":\"PropertyValueSpecification\",\"valueRequired\":true,\"valueName\":\"search_term_string\"}}],\"inLanguage\":\"nb-NO\"},{\"@type\":\"Person\",\"@id\":\"https:\\\/\\\/gneist.org\\\/innenm2026\\\/#\\\/schema\\\/person\\\/0bdf64e658fbb5d50cf902224d84748f\",\"name\":\"FRIIDRETTSKOORDINATOR\",\"image\":{\"@type\":\"ImageObject\",\"inLanguage\":\"nb-NO\",\"@id\":\"https:\\\/\\\/secure.gravatar.com\\\/avatar\\\/f987b22951eb87555380896174970f8a287be662413103c4b13aec968fee905b?s=96&d=mm&r=g\",\"url\":\"https:\\\/\\\/secure.gravatar.com\\\/avatar\\\/f987b22951eb87555380896174970f8a287be662413103c4b13aec968fee905b?s=96&d=mm&r=g\",\"contentUrl\":\"https:\\\/\\\/secure.gravatar.com\\\/avatar\\\/f987b22951eb87555380896174970f8a287be662413103c4b13aec968fee905b?s=96&d=mm&r=g\",\"caption\":\"FRIIDRETTSKOORDINATOR\"},\"url\":\"https:\\\/\\\/gneist.org\\\/innenm2026\\\/author\\\/friidrettskoordinator\\\/\"}]}<\/script>\n<!-- \/ Yoast SEO plugin. -->","yoast_head_json":{"title":"P\u00e5melding \u00e5pnet - https:\/\/gneist.org\/innenm2026","robots":{"index":"index","follow":"follow","max-snippet":"max-snippet:-1","max-image-preview":"max-image-preview:large","max-video-preview":"max-video-preview:-1"},"canonical":"https:\/\/gneist.org\/innenm2026\/pamelding-apnet\/","og_locale":"nb_NO","og_type":"article","og_title":"P\u00e5melding \u00e5pnet - https:\/\/gneist.org\/innenm2026","og_description":"Martin Mjelde under aksjon p\u00e5 fjor\u00e5rets junior-NM arrangert av IL Gneist Vi har n\u00e5 \u00e5pnet p\u00e5melding for \u00e5rets inne-NM som g\u00e5r i v\u00e5r flotte, nye Gneist Arena. Klikk p\u00e5 link under eller g\u00e5 til arkfanen p\u00e5melding for mer info.P\u00e5melding inne-NM 2026","og_url":"https:\/\/gneist.org\/innenm2026\/pamelding-apnet\/","og_site_name":"https:\/\/gneist.org\/innenm2026","article_published_time":"2026-01-02T14:07:31+00:00","article_modified_time":"2026-01-02T14:27:59+00:00","og_image":[{"url":"https:\/\/gneist.org\/innenm2026\/wp-content\/uploads\/2026\/01\/A7401180-1.jpg","width":1,"height":1,"type":"image\/jpeg"}],"author":"FRIIDRETTSKOORDINATOR","twitter_card":"summary_large_image","twitter_misc":{"Skrevet av":"FRIIDRETTSKOORDINATOR","Ansl. lesetid":"1 minutt"},"schema":{"@context":"https:\/\/schema.org","@graph":[{"@type":"Article","@id":"https:\/\/gneist.org\/innenm2026\/pamelding-apnet\/#article","isPartOf":{"@id":"https:\/\/gneist.org\/innenm2026\/pamelding-apnet\/"},"author":{"name":"FRIIDRETTSKOORDINATOR","@id":"https:\/\/gneist.org\/innenm2026\/#\/schema\/person\/0bdf64e658fbb5d50cf902224d84748f"},"headline":"P\u00e5melding \u00e5pnet","datePublished":"2026-01-02T14:07:31+00:00","dateModified":"2026-01-02T14:27:59+00:00","mainEntityOfPage":{"@id":"https:\/\/gneist.org\/innenm2026\/pamelding-apnet\/"},"wordCount":50,"image":{"@id":"https:\/\/gneist.org\/innenm2026\/pamelding-apnet\/#primaryimage"},"thumbnailUrl":"https:\/\/gneist.org\/innenm2026\/wp-content\/uploads\/2026\/01\/A7401180-1.jpg","articleSection":["Nyheter"],"inLanguage":"nb-NO"},{"@type":"WebPage","@id":"https:\/\/gneist.org\/innenm2026\/pamelding-apnet\/","url":"https:\/\/gneist.org\/innenm2026\/pamelding-apnet\/","name":"P\u00e5melding \u00e5pnet - https:\/\/gneist.org\/innenm2026","isPartOf":{"@id":"https:\/\/gneist.org\/innenm2026\/#website"},"primaryImageOfPage":{"@id":"https:\/\/gneist.org\/innenm2026\/pamelding-apnet\/#primaryimage"},"image":{"@id":"https:\/\/gneist.org\/innenm2026\/pamelding-apnet\/#primaryimage"},"thumbnailUrl":"https:\/\/gneist.org\/innenm2026\/wp-content\/uploads\/2026\/01\/A7401180-1.jpg","datePublished":"2026-01-02T14:07:31+00:00","dateModified":"2026-01-02T14:27:59+00:00","author":{"@id":"https:\/\/gneist.org\/innenm2026\/#\/schema\/person\/0bdf64e658fbb5d50cf902224d84748f"},"breadcrumb":{"@id":"https:\/\/gneist.org\/innenm2026\/pamelding-apnet\/#breadcrumb"},"inLanguage":"nb-NO","potentialAction":[{"@type":"ReadAction","target":["https:\/\/gneist.org\/innenm2026\/pamelding-apnet\/"]}]},{"@type":"ImageObject","inLanguage":"nb-NO","@id":"https:\/\/gneist.org\/innenm2026\/pamelding-apnet\/#primaryimage","url":"https:\/\/gneist.org\/innenm2026\/wp-content\/uploads\/2026\/01\/A7401180-1.jpg","contentUrl":"https:\/\/gneist.org\/innenm2026\/wp-content\/uploads\/2026\/01\/A7401180-1.jpg","caption":"JuniorNM"},{"@type":"BreadcrumbList","@id":"https:\/\/gneist.org\/innenm2026\/pamelding-apnet\/#breadcrumb","itemListElement":[{"@type":"ListItem","position":1,"name":"Home","item":"https:\/\/gneist.org\/innenm2026\/"},{"@type":"ListItem","position":2,"name":"P\u00e5melding \u00e5pnet"}]},{"@type":"WebSite","@id":"https:\/\/gneist.org\/innenm2026\/#website","url":"https:\/\/gneist.org\/innenm2026\/","name":"https:\/\/gneist.org\/innenm2026","description":"","potentialAction":[{"@type":"SearchAction","target":{"@type":"EntryPoint","urlTemplate":"https:\/\/gneist.org\/innenm2026\/?s={search_term_string}"},"query-input":{"@type":"PropertyValueSpecification","valueRequired":true,"valueName":"search_term_string"}}],"inLanguage":"nb-NO"},{"@type":"Person","@id":"https:\/\/gneist.org\/innenm2026\/#\/schema\/person\/0bdf64e658fbb5d50cf902224d84748f","name":"FRIIDRETTSKOORDINATOR","image":{"@type":"ImageObject","inLanguage":"nb-NO","@id":"https:\/\/secure.gravatar.com\/avatar\/f987b22951eb87555380896174970f8a287be662413103c4b13aec968fee905b?s=96&d=mm&r=g","url":"https:\/\/secure.gravatar.com\/avatar\/f987b22951eb87555380896174970f8a287be662413103c4b13aec968fee905b?s=96&d=mm&r=g","contentUrl":"https:\/\/secure.gravatar.com\/avatar\/f987b22951eb87555380896174970f8a287be662413103c4b13aec968fee905b?s=96&d=mm&r=g","caption":"FRIIDRETTSKOORDINATOR"},"url":"https:\/\/gneist.org\/innenm2026\/author\/friidrettskoordinator\/"}]}},"jetpack_featured_media_url":"","_links":{"self":[{"href":"https:\/\/gneist.org\/innenm2026\/wp-json\/wp\/v2\/posts\/98","targetHints":{"allow":["GET"]}}],"collection":[{"href":"https:\/\/gneist.org\/innenm2026\/wp-json\/wp\/v2\/posts"}],"about":[{"href":"https:\/\/gneist.org\/innenm2026\/wp-json\/wp\/v2\/types\/post"}],"author":[{"embeddable":true,"href":"https:\/\/gneist.org\/innenm2026\/wp-json\/wp\/v2\/users\/1"}],"replies":[{"embeddable":true,"href":"https:\/\/gneist.org\/innenm2026\/wp-json\/wp\/v2\/comments?post=98"}],"version-history":[{"count":3,"href":"https:\/\/gneist.org\/innenm2026\/wp-json\/wp\/v2\/posts\/98\/revisions"}],"predecessor-version":[{"id":109,"href":"https:\/\/gneist.org\/innenm2026\/wp-json\/wp\/v2\/posts\/98\/revisions\/109"}],"wp:attachment":[{"href":"https:\/\/gneist.org\/innenm2026\/wp-json\/wp\/v2\/media?parent=98"}],"wp:term":[{"taxonomy":"category","embeddable":true,"href":"https:\/\/gneist.org\/innenm2026\/wp-json\/wp\/v2\/categories?post=98"},{"taxonomy":"post_tag","embeddable":true,"href":"https:\/\/gneist.org\/innenm2026\/wp-json\/wp\/v2\/tags?post=98"}],"curies":[{"name":"wp","href":"https:\/\/api.w.org\/{rel}","templated":true}]}}